{"id":39025,"date":"2019-10-06T00:17:51","date_gmt":"2019-10-05T23:17:51","guid":{"rendered":"http:\/\/aliens-project.de\/blog\/?p=39025"},"modified":"2019-10-06T00:27:40","modified_gmt":"2019-10-05T23:27:40","slug":"synxss-studio-news-353-eurorack-modular-noise-drone-random","status":"publish","type":"post","link":"https:\/\/aliens-project.de\/blog\/2019\/10\/06\/synxss-studio-news-353-eurorack-modular-noise-drone-random\/","title":{"rendered":"SynxsS Studio News #353 -Eurorack-Modular \/ Noise, Drone &#038; Random"},"content":{"rendered":"<p>Tja Freunde, was hat sich in den letzten 14 Tagen hier im und um das Studio so getan?<\/p>\n<p>Nun, das neue Eurorack wird gerade aufgebaut und entsprechend modifiziert.<br \/>\nDas PSU-2 Netzteil (mit 1200mA) war von der Leistung her zu schwach und so wurde in dem freien Bereich,<br \/>\nzwischen den beiden Busplatinen, noch ein zweites PSU-3 (2000mA) dar\u00fcber zus\u00e4tzlich montiert.<br \/>\nDas PSU-2 versorgt dann nur noch das untere Busboard, die oberen beiden \u00fcbernimmt das PSU-3<br \/>\nDas hat sich in dem anderen Rack sehr gut bew\u00e4hrt und funktioniert tadellos.<br \/>\nEine stabile Versorgungsspannung ist ja das A und O in einem Modularsystem.<br \/>\n<img loading=\"lazy\" decoding=\"async\" data-attachment-id=\"39028\" data-permalink=\"https:\/\/aliens-project.de\/blog\/2019\/10\/06\/synxss-studio-news-353-eurorack-modular-noise-drone-random\/2019-199-empty-rack\/\" data-orig-file=\"https:\/\/aliens-project.de\/blog\/wp-content\/uploads\/2019\/10\/2019-199-Empty-Rack.jpg\" data-orig-size=\"1276,1031\" data-comments-opened=\"1\" data-image-meta=\"{&quot;aperture&quot;:&quot;0&quot;,&quot;credit&quot;:&quot;&quot;,&quot;camera&quot;:&quot;&quot;,&quot;caption&quot;:&quot;&quot;,&quot;created_timestamp&quot;:&quot;0&quot;,&quot;copyright&quot;:&quot;&quot;,&quot;focal_length&quot;:&quot;0&quot;,&quot;iso&quot;:&quot;0&quot;,&quot;shutter_speed&quot;:&quot;0&quot;,&quot;title&quot;:&quot;&quot;,&quot;orientation&quot;:&quot;0&quot;}\" data-image-title=\"2019-199 Empty Rack\" data-image-description=\"\" data-image-caption=\"\" data-large-file=\"https:\/\/aliens-project.de\/blog\/wp-content\/uploads\/2019\/10\/2019-199-Empty-Rack-1024x827.jpg\" class=\"alignleft wp-image-39028\" src=\"https:\/\/aliens-project.de\/blog\/wp-content\/uploads\/2019\/10\/2019-199-Empty-Rack-743x600.jpg\" alt=\"\" width=\"600\" height=\"485\" srcset=\"https:\/\/aliens-project.de\/blog\/wp-content\/uploads\/2019\/10\/2019-199-Empty-Rack-743x600.jpg 743w, https:\/\/aliens-project.de\/blog\/wp-content\/uploads\/2019\/10\/2019-199-Empty-Rack-768x621.jpg 768w, https:\/\/aliens-project.de\/blog\/wp-content\/uploads\/2019\/10\/2019-199-Empty-Rack-1024x827.jpg 1024w, https:\/\/aliens-project.de\/blog\/wp-content\/uploads\/2019\/10\/2019-199-Empty-Rack.jpg 1276w\" sizes=\"auto, (max-width: 600px) 100vw, 600px\" \/><\/p>\n<p>Hier mit der teilweise fertigen Best\u00fcckung.<br \/>\nDer Schwerpunkt dieses Racks liegt bei Noise-, Drone- und Random-Modulen und wird einige<br \/>\nKleinsynthies ersetzen.<br \/>\n<img loading=\"lazy\" decoding=\"async\" data-attachment-id=\"39027\" data-permalink=\"https:\/\/aliens-project.de\/blog\/2019\/10\/06\/synxss-studio-news-353-eurorack-modular-noise-drone-random\/2019-198-new-rack\/\" data-orig-file=\"https:\/\/aliens-project.de\/blog\/wp-content\/uploads\/2019\/10\/2019-198-New-Rack.jpg\" data-orig-size=\"1276,1220\" data-comments-opened=\"1\" data-image-meta=\"{&quot;aperture&quot;:&quot;0&quot;,&quot;credit&quot;:&quot;&quot;,&quot;camera&quot;:&quot;&quot;,&quot;caption&quot;:&quot;&quot;,&quot;created_timestamp&quot;:&quot;0&quot;,&quot;copyright&quot;:&quot;&quot;,&quot;focal_length&quot;:&quot;0&quot;,&quot;iso&quot;:&quot;0&quot;,&quot;shutter_speed&quot;:&quot;0&quot;,&quot;title&quot;:&quot;&quot;,&quot;orientation&quot;:&quot;0&quot;}\" data-image-title=\"2019-198 New Rack\" data-image-description=\"\" data-image-caption=\"\" data-large-file=\"https:\/\/aliens-project.de\/blog\/wp-content\/uploads\/2019\/10\/2019-198-New-Rack-1024x979.jpg\" class=\"alignleft wp-image-39027\" src=\"https:\/\/aliens-project.de\/blog\/wp-content\/uploads\/2019\/10\/2019-198-New-Rack-628x600.jpg\" alt=\"\" width=\"600\" height=\"574\" srcset=\"https:\/\/aliens-project.de\/blog\/wp-content\/uploads\/2019\/10\/2019-198-New-Rack-628x600.jpg 628w, https:\/\/aliens-project.de\/blog\/wp-content\/uploads\/2019\/10\/2019-198-New-Rack-768x734.jpg 768w, https:\/\/aliens-project.de\/blog\/wp-content\/uploads\/2019\/10\/2019-198-New-Rack-1024x979.jpg 1024w, https:\/\/aliens-project.de\/blog\/wp-content\/uploads\/2019\/10\/2019-198-New-Rack.jpg 1276w\" sizes=\"auto, (max-width: 600px) 100vw, 600px\" \/><\/p>\n<p><!--more--><\/p>\n<p>Der QU-Bit Chord wird in einem anderen Rack mit 6HE montiert, neben den Field-Modulen von KOMA.<br \/>\n<img loading=\"lazy\" decoding=\"async\" data-attachment-id=\"39030\" data-permalink=\"https:\/\/aliens-project.de\/blog\/2019\/10\/06\/synxss-studio-news-353-eurorack-modular-noise-drone-random\/2019-201-qu-bit-chord\/\" data-orig-file=\"https:\/\/aliens-project.de\/blog\/wp-content\/uploads\/2019\/10\/2019-201-QU-Bit-Chord.jpg\" data-orig-size=\"1276,1134\" data-comments-opened=\"1\" data-image-meta=\"{&quot;aperture&quot;:&quot;0&quot;,&quot;credit&quot;:&quot;&quot;,&quot;camera&quot;:&quot;&quot;,&quot;caption&quot;:&quot;&quot;,&quot;created_timestamp&quot;:&quot;0&quot;,&quot;copyright&quot;:&quot;&quot;,&quot;focal_length&quot;:&quot;0&quot;,&quot;iso&quot;:&quot;0&quot;,&quot;shutter_speed&quot;:&quot;0&quot;,&quot;title&quot;:&quot;&quot;,&quot;orientation&quot;:&quot;0&quot;}\" data-image-title=\"2019-201 QU-Bit Chord\" data-image-description=\"\" data-image-caption=\"\" data-large-file=\"https:\/\/aliens-project.de\/blog\/wp-content\/uploads\/2019\/10\/2019-201-QU-Bit-Chord-1024x910.jpg\" class=\"alignleft wp-image-39030\" src=\"https:\/\/aliens-project.de\/blog\/wp-content\/uploads\/2019\/10\/2019-201-QU-Bit-Chord-675x600.jpg\" alt=\"\" width=\"600\" height=\"533\" srcset=\"https:\/\/aliens-project.de\/blog\/wp-content\/uploads\/2019\/10\/2019-201-QU-Bit-Chord-675x600.jpg 675w, https:\/\/aliens-project.de\/blog\/wp-content\/uploads\/2019\/10\/2019-201-QU-Bit-Chord-768x683.jpg 768w, https:\/\/aliens-project.de\/blog\/wp-content\/uploads\/2019\/10\/2019-201-QU-Bit-Chord-1024x910.jpg 1024w, https:\/\/aliens-project.de\/blog\/wp-content\/uploads\/2019\/10\/2019-201-QU-Bit-Chord.jpg 1276w\" sizes=\"auto, (max-width: 600px) 100vw, 600px\" \/><\/p>\n<p>Aber nat\u00fcrlich wurde auch wieder viel Musik gemacht.<br \/>\nNeben den musikalischen Vorbereitungen f\u00fcr die beiden anstehenden Konzerte (Programm: Hyperreale Reflexion) wurde auch an den dazugeh\u00f6rigen Visuals gearbeitet.<br \/>\nVormerken: Am 19.10.2019 \/ Phonofest -10 Jahre Phonophon im Institut f\u00fcr neue Medien in Frankfurt am Main<br \/>\nund am 26.+ 27.10.2019 \/ Rodgau Art 19 im B\u00fcrgerhaus in Nieder-Roden<br \/>\nDas Programm &#8222;Farben&#8220; wird es voraussichtlich erst wieder 2020 pr\u00e4sentiert werden <a href=\"https:\/\/bernd-michael-land.com\/termine-konzerte-events\/\" target=\"_blank\" rel=\"noopener\">(n\u00e4heres hier)<\/a><\/p>\n<p>Au\u00dferhalb es Studios standen wieder ausgiebige Field Recordings auf dem Programm.<br \/>\nAuch hier geht es gut vorw\u00e4rts.<br \/>\nDa die Flederm\u00e4use einen l\u00e4ngeren Winterschlaf abhalten, sollten jetzt dringend die Aufnahmen mit dem Batscanner abgeschlossen werden.<br \/>\n<img loading=\"lazy\" decoding=\"async\" data-attachment-id=\"39037\" data-permalink=\"https:\/\/aliens-project.de\/blog\/2019\/10\/06\/synxss-studio-news-353-eurorack-modular-noise-drone-random\/rodgau-field\/\" data-orig-file=\"https:\/\/aliens-project.de\/blog\/wp-content\/uploads\/2019\/10\/Rodgau-Field.jpg\" data-orig-size=\"850,561\" data-comments-opened=\"1\" data-image-meta=\"{&quot;aperture&quot;:&quot;0&quot;,&quot;credit&quot;:&quot;&quot;,&quot;camera&quot;:&quot;&quot;,&quot;caption&quot;:&quot;&quot;,&quot;created_timestamp&quot;:&quot;0&quot;,&quot;copyright&quot;:&quot;&quot;,&quot;focal_length&quot;:&quot;0&quot;,&quot;iso&quot;:&quot;0&quot;,&quot;shutter_speed&quot;:&quot;0&quot;,&quot;title&quot;:&quot;&quot;,&quot;orientation&quot;:&quot;0&quot;}\" data-image-title=\"Rodgau Field\" data-image-description=\"\" data-image-caption=\"\" data-large-file=\"https:\/\/aliens-project.de\/blog\/wp-content\/uploads\/2019\/10\/Rodgau-Field.jpg\" class=\"alignleft size-medium wp-image-39037\" src=\"https:\/\/aliens-project.de\/blog\/wp-content\/uploads\/2019\/10\/Rodgau-Field-800x528.jpg\" alt=\"\" width=\"800\" height=\"528\" srcset=\"https:\/\/aliens-project.de\/blog\/wp-content\/uploads\/2019\/10\/Rodgau-Field-800x528.jpg 800w, https:\/\/aliens-project.de\/blog\/wp-content\/uploads\/2019\/10\/Rodgau-Field-768x507.jpg 768w, https:\/\/aliens-project.de\/blog\/wp-content\/uploads\/2019\/10\/Rodgau-Field.jpg 850w\" sizes=\"auto, (max-width: 800px) 100vw, 800px\" \/><\/p>\n<p>Interviewtermin.<br \/>\nAm vergangenen Mittwoch war Larne Peters <a href=\"http:\/\/www.progalley.eu\/\" rel=\"noopener\" target=\"_blank\">(progally.eu)<\/a> zu Besuch im Studio.<br \/>\nEs war ein sehr ausf\u00fchrliches Interview und wird demn\u00e4chst im Radio zu h\u00f6ren sein.<br \/>\n<img loading=\"lazy\" decoding=\"async\" data-attachment-id=\"39035\" data-permalink=\"https:\/\/aliens-project.de\/blog\/2019\/10\/06\/synxss-studio-news-353-eurorack-modular-noise-drone-random\/larne-peters\/\" data-orig-file=\"https:\/\/aliens-project.de\/blog\/wp-content\/uploads\/2019\/10\/Larne-Peters.jpg\" data-orig-size=\"1417,945\" data-comments-opened=\"1\" data-image-meta=\"{&quot;aperture&quot;:&quot;5.6&quot;,&quot;credit&quot;:&quot;&quot;,&quot;camera&quot;:&quot;DMC-FZ1000&quot;,&quot;caption&quot;:&quot;&quot;,&quot;created_timestamp&quot;:&quot;1569948326&quot;,&quot;copyright&quot;:&quot;&quot;,&quot;focal_length&quot;:&quot;9.12&quot;,&quot;iso&quot;:&quot;125&quot;,&quot;shutter_speed&quot;:&quot;1.6&quot;,&quot;title&quot;:&quot;&quot;,&quot;orientation&quot;:&quot;1&quot;}\" data-image-title=\"Larne Peters\" data-image-description=\"\" data-image-caption=\"\" data-large-file=\"https:\/\/aliens-project.de\/blog\/wp-content\/uploads\/2019\/10\/Larne-Peters-1024x683.jpg\" class=\"alignleft size-medium wp-image-39035\" src=\"https:\/\/aliens-project.de\/blog\/wp-content\/uploads\/2019\/10\/Larne-Peters-800x534.jpg\" alt=\"\" width=\"800\" height=\"534\" srcset=\"https:\/\/aliens-project.de\/blog\/wp-content\/uploads\/2019\/10\/Larne-Peters-800x534.jpg 800w, https:\/\/aliens-project.de\/blog\/wp-content\/uploads\/2019\/10\/Larne-Peters-768x512.jpg 768w, https:\/\/aliens-project.de\/blog\/wp-content\/uploads\/2019\/10\/Larne-Peters-1024x683.jpg 1024w, https:\/\/aliens-project.de\/blog\/wp-content\/uploads\/2019\/10\/Larne-Peters.jpg 1417w\" sizes=\"auto, (max-width: 800px) 100vw, 800px\" \/><\/p>\n<h6>Bilder von Larne Peters:<\/h6>\n<p><img loading=\"lazy\" decoding=\"async\" data-attachment-id=\"39032\" data-permalink=\"https:\/\/aliens-project.de\/blog\/2019\/10\/06\/synxss-studio-news-353-eurorack-modular-noise-drone-random\/larne-peters-02\/\" data-orig-file=\"https:\/\/aliens-project.de\/blog\/wp-content\/uploads\/2019\/10\/Larne-Peters-02.jpg\" data-orig-size=\"960,960\" data-comments-opened=\"1\" data-image-meta=\"{&quot;aperture&quot;:&quot;0&quot;,&quot;credit&quot;:&quot;&quot;,&quot;camera&quot;:&quot;&quot;,&quot;caption&quot;:&quot;&quot;,&quot;created_timestamp&quot;:&quot;0&quot;,&quot;copyright&quot;:&quot;&quot;,&quot;focal_length&quot;:&quot;0&quot;,&quot;iso&quot;:&quot;0&quot;,&quot;shutter_speed&quot;:&quot;0&quot;,&quot;title&quot;:&quot;&quot;,&quot;orientation&quot;:&quot;0&quot;}\" data-image-title=\"Larne Peters 02\" data-image-description=\"\" data-image-caption=\"\" data-large-file=\"https:\/\/aliens-project.de\/blog\/wp-content\/uploads\/2019\/10\/Larne-Peters-02.jpg\" class=\"alignleft wp-image-39032 size-medium\" src=\"https:\/\/aliens-project.de\/blog\/wp-content\/uploads\/2019\/10\/Larne-Peters-02-600x600.jpg\" alt=\"\" width=\"600\" height=\"600\" srcset=\"https:\/\/aliens-project.de\/blog\/wp-content\/uploads\/2019\/10\/Larne-Peters-02-600x600.jpg 600w, https:\/\/aliens-project.de\/blog\/wp-content\/uploads\/2019\/10\/Larne-Peters-02-150x150.jpg 150w, https:\/\/aliens-project.de\/blog\/wp-content\/uploads\/2019\/10\/Larne-Peters-02-768x768.jpg 768w, https:\/\/aliens-project.de\/blog\/wp-content\/uploads\/2019\/10\/Larne-Peters-02.jpg 960w\" sizes=\"auto, (max-width: 600px) 100vw, 600px\" \/><\/p>\n<p><img loading=\"lazy\" decoding=\"async\" data-attachment-id=\"39033\" data-permalink=\"https:\/\/aliens-project.de\/blog\/2019\/10\/06\/synxss-studio-news-353-eurorack-modular-noise-drone-random\/larne-peters-04\/\" data-orig-file=\"https:\/\/aliens-project.de\/blog\/wp-content\/uploads\/2019\/10\/Larne-Peters-04.jpg\" data-orig-size=\"960,960\" data-comments-opened=\"1\" data-image-meta=\"{&quot;aperture&quot;:&quot;0&quot;,&quot;credit&quot;:&quot;&quot;,&quot;camera&quot;:&quot;&quot;,&quot;caption&quot;:&quot;&quot;,&quot;created_timestamp&quot;:&quot;0&quot;,&quot;copyright&quot;:&quot;&quot;,&quot;focal_length&quot;:&quot;0&quot;,&quot;iso&quot;:&quot;0&quot;,&quot;shutter_speed&quot;:&quot;0&quot;,&quot;title&quot;:&quot;&quot;,&quot;orientation&quot;:&quot;0&quot;}\" data-image-title=\"Larne Peters 04\" data-image-description=\"\" data-image-caption=\"\" data-large-file=\"https:\/\/aliens-project.de\/blog\/wp-content\/uploads\/2019\/10\/Larne-Peters-04.jpg\" class=\"alignleft size-medium wp-image-39033\" src=\"https:\/\/aliens-project.de\/blog\/wp-content\/uploads\/2019\/10\/Larne-Peters-04-600x600.jpg\" alt=\"\" width=\"600\" height=\"600\" srcset=\"https:\/\/aliens-project.de\/blog\/wp-content\/uploads\/2019\/10\/Larne-Peters-04-600x600.jpg 600w, https:\/\/aliens-project.de\/blog\/wp-content\/uploads\/2019\/10\/Larne-Peters-04-150x150.jpg 150w, https:\/\/aliens-project.de\/blog\/wp-content\/uploads\/2019\/10\/Larne-Peters-04-768x768.jpg 768w, https:\/\/aliens-project.de\/blog\/wp-content\/uploads\/2019\/10\/Larne-Peters-04.jpg 960w\" sizes=\"auto, (max-width: 600px) 100vw, 600px\" \/><\/p>\n<p><img loading=\"lazy\" decoding=\"async\" data-attachment-id=\"39034\" data-permalink=\"https:\/\/aliens-project.de\/blog\/2019\/10\/06\/synxss-studio-news-353-eurorack-modular-noise-drone-random\/larne-peters-05\/\" data-orig-file=\"https:\/\/aliens-project.de\/blog\/wp-content\/uploads\/2019\/10\/Larne-Peters-05.jpg\" data-orig-size=\"960,960\" data-comments-opened=\"1\" data-image-meta=\"{&quot;aperture&quot;:&quot;0&quot;,&quot;credit&quot;:&quot;&quot;,&quot;camera&quot;:&quot;&quot;,&quot;caption&quot;:&quot;&quot;,&quot;created_timestamp&quot;:&quot;0&quot;,&quot;copyright&quot;:&quot;&quot;,&quot;focal_length&quot;:&quot;0&quot;,&quot;iso&quot;:&quot;0&quot;,&quot;shutter_speed&quot;:&quot;0&quot;,&quot;title&quot;:&quot;&quot;,&quot;orientation&quot;:&quot;0&quot;}\" data-image-title=\"Larne Peters 05\" data-image-description=\"\" data-image-caption=\"\" data-large-file=\"https:\/\/aliens-project.de\/blog\/wp-content\/uploads\/2019\/10\/Larne-Peters-05.jpg\" class=\"alignleft size-medium wp-image-39034\" src=\"https:\/\/aliens-project.de\/blog\/wp-content\/uploads\/2019\/10\/Larne-Peters-05-600x600.jpg\" alt=\"\" width=\"600\" height=\"600\" srcset=\"https:\/\/aliens-project.de\/blog\/wp-content\/uploads\/2019\/10\/Larne-Peters-05-600x600.jpg 600w, https:\/\/aliens-project.de\/blog\/wp-content\/uploads\/2019\/10\/Larne-Peters-05-150x150.jpg 150w, https:\/\/aliens-project.de\/blog\/wp-content\/uploads\/2019\/10\/Larne-Peters-05-768x768.jpg 768w, https:\/\/aliens-project.de\/blog\/wp-content\/uploads\/2019\/10\/Larne-Peters-05.jpg 960w\" sizes=\"auto, (max-width: 600px) 100vw, 600px\" \/><\/p>\n<p>Vom 12. bis 15. M\u00e4rz 2020 findet die Luminale in Frankfurt am Main statt.<br \/>\nDie Fabrik, Bernd-Michael Land live \u201eHyperreale Reflexion\u201c -mit Visuals von Claus Jahn<br \/>\n<img loading=\"lazy\" decoding=\"async\" data-attachment-id=\"39036\" data-permalink=\"https:\/\/aliens-project.de\/blog\/2019\/10\/06\/synxss-studio-news-353-eurorack-modular-noise-drone-random\/die-fabrik\/\" data-orig-file=\"https:\/\/aliens-project.de\/blog\/wp-content\/uploads\/2019\/10\/Die-Fabrik.jpg\" data-orig-size=\"1276,957\" data-comments-opened=\"1\" data-image-meta=\"{&quot;aperture&quot;:&quot;1.8&quot;,&quot;credit&quot;:&quot;&quot;,&quot;camera&quot;:&quot;iPhone 8&quot;,&quot;caption&quot;:&quot;&quot;,&quot;created_timestamp&quot;:&quot;1567091612&quot;,&quot;copyright&quot;:&quot;&quot;,&quot;focal_length&quot;:&quot;3.99&quot;,&quot;iso&quot;:&quot;20&quot;,&quot;shutter_speed&quot;:&quot;0.00653594771242&quot;,&quot;title&quot;:&quot;&quot;,&quot;orientation&quot;:&quot;1&quot;}\" data-image-title=\"Die Fabrik\" data-image-description=\"\" data-image-caption=\"\" data-large-file=\"https:\/\/aliens-project.de\/blog\/wp-content\/uploads\/2019\/10\/Die-Fabrik-1024x768.jpg\" class=\"alignleft size-medium wp-image-39036\" src=\"https:\/\/aliens-project.de\/blog\/wp-content\/uploads\/2019\/10\/Die-Fabrik-800x600.jpg\" alt=\"\" width=\"800\" height=\"600\" srcset=\"https:\/\/aliens-project.de\/blog\/wp-content\/uploads\/2019\/10\/Die-Fabrik-800x600.jpg 800w, https:\/\/aliens-project.de\/blog\/wp-content\/uploads\/2019\/10\/Die-Fabrik-768x576.jpg 768w, https:\/\/aliens-project.de\/blog\/wp-content\/uploads\/2019\/10\/Die-Fabrik-1024x768.jpg 1024w, https:\/\/aliens-project.de\/blog\/wp-content\/uploads\/2019\/10\/Die-Fabrik.jpg 1276w\" sizes=\"auto, (max-width: 800px) 100vw, 800px\" \/><\/p>\n<p>Da der alte Transporter (Peugeot Partner) etwas zu klein geworden ist, musste etwas gr\u00f6\u00dferes her.<br \/>\nEntweder schrumpfen die Autos oder das Equipment w\u00e4chst an -hmmmm.<br \/>\nFalls der Caddy Maxi f\u00fcr Solokonzerte auch nicht ausreicht, sollte man sich Gedanken machen und einen Trupp Roadies engagieren.<br \/>\n<img loading=\"lazy\" decoding=\"async\" data-attachment-id=\"39031\" data-permalink=\"https:\/\/aliens-project.de\/blog\/2019\/10\/06\/synxss-studio-news-353-eurorack-modular-noise-drone-random\/2019-202-gig-bus\/\" data-orig-file=\"https:\/\/aliens-project.de\/blog\/wp-content\/uploads\/2019\/10\/2019-202-Gig-Bus.jpg\" data-orig-size=\"1276,836\" data-comments-opened=\"1\" data-image-meta=\"{&quot;aperture&quot;:&quot;1.8&quot;,&quot;credit&quot;:&quot;&quot;,&quot;camera&quot;:&quot;iPhone 8&quot;,&quot;caption&quot;:&quot;&quot;,&quot;created_timestamp&quot;:&quot;1569431705&quot;,&quot;copyright&quot;:&quot;&quot;,&quot;focal_length&quot;:&quot;3.99&quot;,&quot;iso&quot;:&quot;20&quot;,&quot;shutter_speed&quot;:&quot;0.00220264317181&quot;,&quot;title&quot;:&quot;&quot;,&quot;orientation&quot;:&quot;1&quot;}\" data-image-title=\"2019-202 Gig Bus\" data-image-description=\"\" data-image-caption=\"\" data-large-file=\"https:\/\/aliens-project.de\/blog\/wp-content\/uploads\/2019\/10\/2019-202-Gig-Bus-1024x671.jpg\" class=\"alignleft size-medium wp-image-39031\" src=\"https:\/\/aliens-project.de\/blog\/wp-content\/uploads\/2019\/10\/2019-202-Gig-Bus-800x524.jpg\" alt=\"\" width=\"800\" height=\"524\" srcset=\"https:\/\/aliens-project.de\/blog\/wp-content\/uploads\/2019\/10\/2019-202-Gig-Bus-800x524.jpg 800w, https:\/\/aliens-project.de\/blog\/wp-content\/uploads\/2019\/10\/2019-202-Gig-Bus-768x503.jpg 768w, https:\/\/aliens-project.de\/blog\/wp-content\/uploads\/2019\/10\/2019-202-Gig-Bus-1024x671.jpg 1024w, https:\/\/aliens-project.de\/blog\/wp-content\/uploads\/2019\/10\/2019-202-Gig-Bus.jpg 1276w\" sizes=\"auto, (max-width: 800px) 100vw, 800px\" \/><\/p>\n<p>&#8230;und zwischendurch gab es nat\u00fcrlich ganz leckere Spaghetti.<br \/>\n<img loading=\"lazy\" decoding=\"async\" data-attachment-id=\"39029\" data-permalink=\"https:\/\/aliens-project.de\/blog\/2019\/10\/06\/synxss-studio-news-353-eurorack-modular-noise-drone-random\/2019-200-spaghetti\/\" data-orig-file=\"https:\/\/aliens-project.de\/blog\/wp-content\/uploads\/2019\/10\/2019-200-Spaghetti.jpg\" data-orig-size=\"1276,1276\" data-comments-opened=\"1\" data-image-meta=\"{&quot;aperture&quot;:&quot;1.8&quot;,&quot;credit&quot;:&quot;&quot;,&quot;camera&quot;:&quot;iPhone 8&quot;,&quot;caption&quot;:&quot;&quot;,&quot;created_timestamp&quot;:&quot;1569854275&quot;,&quot;copyright&quot;:&quot;&quot;,&quot;focal_length&quot;:&quot;3.99&quot;,&quot;iso&quot;:&quot;125&quot;,&quot;shutter_speed&quot;:&quot;0.25&quot;,&quot;title&quot;:&quot;&quot;,&quot;orientation&quot;:&quot;1&quot;}\" data-image-title=\"2019-200 Spaghetti\" data-image-description=\"\" data-image-caption=\"\" data-large-file=\"https:\/\/aliens-project.de\/blog\/wp-content\/uploads\/2019\/10\/2019-200-Spaghetti-1024x1024.jpg\" class=\"alignleft size-medium wp-image-39029\" src=\"https:\/\/aliens-project.de\/blog\/wp-content\/uploads\/2019\/10\/2019-200-Spaghetti-600x600.jpg\" alt=\"\" width=\"600\" height=\"600\" srcset=\"https:\/\/aliens-project.de\/blog\/wp-content\/uploads\/2019\/10\/2019-200-Spaghetti-600x600.jpg 600w, https:\/\/aliens-project.de\/blog\/wp-content\/uploads\/2019\/10\/2019-200-Spaghetti-150x150.jpg 150w, https:\/\/aliens-project.de\/blog\/wp-content\/uploads\/2019\/10\/2019-200-Spaghetti-768x768.jpg 768w, https:\/\/aliens-project.de\/blog\/wp-content\/uploads\/2019\/10\/2019-200-Spaghetti-1024x1024.jpg 1024w, https:\/\/aliens-project.de\/blog\/wp-content\/uploads\/2019\/10\/2019-200-Spaghetti.jpg 1276w\" sizes=\"auto, (max-width: 600px) 100vw, 600px\" \/><\/p>\n","protected":false},"excerpt":{"rendered":"<p>Tja Freunde, was hat sich in den letzten 14 Tagen hier im und um das Studio so getan? Nun, das neue Eurorack wird gerade aufgebaut und entsprechend modifiziert. Das PSU-2 Netzteil (mit 1200mA) war von der Leistung her zu schwach und so wurde in dem freien Bereich, zwischen den beiden Busplatinen, noch ein zweites PSU-3 [&hellip;]<\/p>\n","protected":false},"author":2,"featured_media":0,"comment_status":"open","ping_status":"open","sticky":false,"template":"","format":"standard","meta":{"jetpack_post_was_ever_published":false,"_jetpack_newsletter_access":"","_jetpack_dont_email_post_to_subs":false,"_jetpack_newsletter_tier_id":0,"_jetpack_memberships_contains_paywalled_content":false,"_jetpack_memberships_contains_paid_content":false,"footnotes":"","jetpack_publicize_message":"","jetpack_publicize_feature_enabled":true,"jetpack_social_post_already_shared":true,"jetpack_social_options":{"image_generator_settings":{"template":"highway","default_image_id":0,"font":"","enabled":false},"version":2}},"categories":[1,1341,4,1342],"tags":[151,232,1971,862,1604,2064,900,2069,1816,9,2129,157,1436,1817,2127,2104,1294,22,569,1892,1343],"class_list":["post-39025","post","type-post","status-publish","format-standard","hentry","category-aliens-project","category-bernd-michael-land-2","category-synthesizer","category-synxss-studio-2","tag-aliensproject","tag-ambient-music","tag-berlin-school-berliner-schule","tag-bernd-michael-land","tag-chillout","tag-chillout-relax-new-age","tag-das-lacheln-der-baume","tag-electronic-music-elektronische-musik-2","tag-elektronic-livemusic","tag-korg","tag-make-noise-0-coast","tag-moog","tag-musiker","tag-new-age","tag-pionier","tag-relax","tag-rodgau-hainhausen","tag-roland","tag-studio-news","tag-studiowork","tag-synthesizer-more"],"jetpack_publicize_connections":[],"jetpack_featured_media_url":"","jetpack_shortlink":"https:\/\/wp.me\/p32c1I-a9r","jetpack_sharing_enabled":true,"jetpack_likes_enabled":true,"jetpack-related-posts":[],"_links":{"self":[{"href":"https:\/\/aliens-project.de\/blog\/wp-json\/wp\/v2\/posts\/39025","targetHints":{"allow":["GET"]}}],"collection":[{"href":"https:\/\/aliens-project.de\/blog\/wp-json\/wp\/v2\/posts"}],"about":[{"href":"https:\/\/aliens-project.de\/blog\/wp-json\/wp\/v2\/types\/post"}],"author":[{"embeddable":true,"href":"https:\/\/aliens-project.de\/blog\/wp-json\/wp\/v2\/users\/2"}],"replies":[{"embeddable":true,"href":"https:\/\/aliens-project.de\/blog\/wp-json\/wp\/v2\/comments?post=39025"}],"version-history":[{"count":20,"href":"https:\/\/aliens-project.de\/blog\/wp-json\/wp\/v2\/posts\/39025\/revisions"}],"predecessor-version":[{"id":39061,"href":"https:\/\/aliens-project.de\/blog\/wp-json\/wp\/v2\/posts\/39025\/revisions\/39061"}],"wp:attachment":[{"href":"https:\/\/aliens-project.de\/blog\/wp-json\/wp\/v2\/media?parent=39025"}],"wp:term":[{"taxonomy":"category","embeddable":true,"href":"https:\/\/aliens-project.de\/blog\/wp-json\/wp\/v2\/categories?post=39025"},{"taxonomy":"post_tag","embeddable":true,"href":"https:\/\/aliens-project.de\/blog\/wp-json\/wp\/v2\/tags?post=39025"}],"curies":[{"name":"wp","href":"https:\/\/api.w.org\/{rel}","templated":true}]}}