{"id":33447,"date":"2016-11-28T11:03:08","date_gmt":"2016-11-28T10:03:08","guid":{"rendered":"http:\/\/aliens-project.de\/blog\/?p=33447"},"modified":"2016-11-28T11:04:53","modified_gmt":"2016-11-28T10:04:53","slug":"klangseminar-in-bonn","status":"publish","type":"post","link":"https:\/\/aliens-project.de\/blog\/2016\/11\/28\/klangseminar-in-bonn\/","title":{"rendered":"Klangseminar in Bonn"},"content":{"rendered":"<p>Back Home &#8211;<br \/>\nso, ich bin wieder zur\u00fcck von dem dreit\u00e4gigen <a href=\"http:\/\/klangurlaub.de\/klangkonzert-klangreise-klangmeditation-ausbildung.html\" target=\"_blank\">Klang-Seminar mit Csongor K\u00f6lcze<\/a>.<\/p>\n<p><img loading=\"lazy\" decoding=\"async\" data-attachment-id=\"33448\" data-permalink=\"https:\/\/aliens-project.de\/blog\/2016\/11\/28\/klangseminar-in-bonn\/klangkonzert-01\/\" data-orig-file=\"https:\/\/aliens-project.de\/blog\/wp-content\/uploads\/2016\/11\/Klangkonzert-01.jpg\" data-orig-size=\"1134,850\" data-comments-opened=\"1\" data-image-meta=\"{&quot;aperture&quot;:&quot;2.2&quot;,&quot;credit&quot;:&quot;&quot;,&quot;camera&quot;:&quot;iPhone 6&quot;,&quot;caption&quot;:&quot;&quot;,&quot;created_timestamp&quot;:&quot;1480179220&quot;,&quot;copyright&quot;:&quot;&quot;,&quot;focal_length&quot;:&quot;4.15&quot;,&quot;iso&quot;:&quot;64&quot;,&quot;shutter_speed&quot;:&quot;0.030303030303&quot;,&quot;title&quot;:&quot;&quot;,&quot;orientation&quot;:&quot;1&quot;}\" data-image-title=\"Klangkonzert 01\" data-image-description=\"\" data-image-caption=\"\" data-large-file=\"https:\/\/aliens-project.de\/blog\/wp-content\/uploads\/2016\/11\/Klangkonzert-01-1024x768.jpg\" class=\"alignleft wp-image-33448 size-medium\" src=\"https:\/\/aliens-project.de\/blog\/wp-content\/uploads\/2016\/11\/Klangkonzert-01-800x600.jpg\" alt=\"Klangkonzert 01\" width=\"800\" height=\"600\" srcset=\"https:\/\/aliens-project.de\/blog\/wp-content\/uploads\/2016\/11\/Klangkonzert-01-800x600.jpg 800w, https:\/\/aliens-project.de\/blog\/wp-content\/uploads\/2016\/11\/Klangkonzert-01-768x576.jpg 768w, https:\/\/aliens-project.de\/blog\/wp-content\/uploads\/2016\/11\/Klangkonzert-01-1024x768.jpg 1024w, https:\/\/aliens-project.de\/blog\/wp-content\/uploads\/2016\/11\/Klangkonzert-01.jpg 1134w\" sizes=\"auto, (max-width: 800px) 100vw, 800px\" \/><\/p>\n<p>Diese Ausbildung hat sich intensiv mit den Themen Klangkonzert, Klangreise und Klangmeditation besch\u00e4ftigt und war f\u00fcr mich sehr aufschlussreich.<br \/>\nBesonders interessant fand ich das Aufzeigen und Erlernen der verschiedenen Spieltechniken an Gong und Klangschale, die Auswahl der geeigneten Schlegel, Anregungen zur Komposition und die Verbindung und \u00dcberg\u00e4nge von Klangschalen mit den Gongs innerhalb eines Klangkonzertes.<br \/>\nDas war alles schon sehr umfangreich und das Erlernte wird mich bei meiner k\u00fcnftigen Arbeit mit diesen Instrumenten sicherlich ein gutes St\u00fcck weiterbringen.<br \/>\nVielen Dank an dieser Stelle nochmals an Csongor f\u00fcr dieses spannende Klangkonzert-Seminar, es hat mir sehr viel Spa\u00df gemacht.<\/p>\n<p><img loading=\"lazy\" decoding=\"async\" data-attachment-id=\"33449\" data-permalink=\"https:\/\/aliens-project.de\/blog\/2016\/11\/28\/klangseminar-in-bonn\/klangkonzert-02\/\" data-orig-file=\"https:\/\/aliens-project.de\/blog\/wp-content\/uploads\/2016\/11\/Klangkonzert-02.jpg\" data-orig-size=\"1134,850\" data-comments-opened=\"1\" data-image-meta=\"{&quot;aperture&quot;:&quot;2.2&quot;,&quot;credit&quot;:&quot;&quot;,&quot;camera&quot;:&quot;iPhone 6&quot;,&quot;caption&quot;:&quot;&quot;,&quot;created_timestamp&quot;:&quot;1480179219&quot;,&quot;copyright&quot;:&quot;&quot;,&quot;focal_length&quot;:&quot;4.15&quot;,&quot;iso&quot;:&quot;80&quot;,&quot;shutter_speed&quot;:&quot;0.030303030303&quot;,&quot;title&quot;:&quot;&quot;,&quot;orientation&quot;:&quot;1&quot;}\" data-image-title=\"Klangkonzert 02\" data-image-description=\"\" data-image-caption=\"\" data-large-file=\"https:\/\/aliens-project.de\/blog\/wp-content\/uploads\/2016\/11\/Klangkonzert-02-1024x768.jpg\" class=\"alignleft wp-image-33449 size-medium\" src=\"https:\/\/aliens-project.de\/blog\/wp-content\/uploads\/2016\/11\/Klangkonzert-02-800x600.jpg\" alt=\"Klangkonzert 02\" width=\"800\" height=\"600\" srcset=\"https:\/\/aliens-project.de\/blog\/wp-content\/uploads\/2016\/11\/Klangkonzert-02-800x600.jpg 800w, https:\/\/aliens-project.de\/blog\/wp-content\/uploads\/2016\/11\/Klangkonzert-02-768x576.jpg 768w, https:\/\/aliens-project.de\/blog\/wp-content\/uploads\/2016\/11\/Klangkonzert-02-1024x768.jpg 1024w, https:\/\/aliens-project.de\/blog\/wp-content\/uploads\/2016\/11\/Klangkonzert-02.jpg 1134w\" sizes=\"auto, (max-width: 800px) 100vw, 800px\" \/><\/p>\n<p><img loading=\"lazy\" decoding=\"async\" data-attachment-id=\"33450\" data-permalink=\"https:\/\/aliens-project.de\/blog\/2016\/11\/28\/klangseminar-in-bonn\/klangkonzert-03\/\" data-orig-file=\"https:\/\/aliens-project.de\/blog\/wp-content\/uploads\/2016\/11\/Klangkonzert-03.jpg\" data-orig-size=\"1134,850\" data-comments-opened=\"1\" data-image-meta=\"{&quot;aperture&quot;:&quot;2.2&quot;,&quot;credit&quot;:&quot;&quot;,&quot;camera&quot;:&quot;iPhone 6&quot;,&quot;caption&quot;:&quot;&quot;,&quot;created_timestamp&quot;:&quot;1480179214&quot;,&quot;copyright&quot;:&quot;&quot;,&quot;focal_length&quot;:&quot;4.15&quot;,&quot;iso&quot;:&quot;50&quot;,&quot;shutter_speed&quot;:&quot;0.030303030303&quot;,&quot;title&quot;:&quot;&quot;,&quot;orientation&quot;:&quot;1&quot;}\" data-image-title=\"Klangkonzert 03\" data-image-description=\"\" data-image-caption=\"\" data-large-file=\"https:\/\/aliens-project.de\/blog\/wp-content\/uploads\/2016\/11\/Klangkonzert-03-1024x768.jpg\" class=\"alignleft wp-image-33450 size-medium\" src=\"https:\/\/aliens-project.de\/blog\/wp-content\/uploads\/2016\/11\/Klangkonzert-03-800x600.jpg\" alt=\"Klangkonzert 03\" width=\"800\" height=\"600\" srcset=\"https:\/\/aliens-project.de\/blog\/wp-content\/uploads\/2016\/11\/Klangkonzert-03-800x600.jpg 800w, https:\/\/aliens-project.de\/blog\/wp-content\/uploads\/2016\/11\/Klangkonzert-03-768x576.jpg 768w, https:\/\/aliens-project.de\/blog\/wp-content\/uploads\/2016\/11\/Klangkonzert-03-1024x768.jpg 1024w, https:\/\/aliens-project.de\/blog\/wp-content\/uploads\/2016\/11\/Klangkonzert-03.jpg 1134w\" sizes=\"auto, (max-width: 800px) 100vw, 800px\" \/><\/p>\n","protected":false},"excerpt":{"rendered":"<p>Back Home &#8211; so, ich bin wieder zur\u00fcck von dem dreit\u00e4gigen Klang-Seminar mit Csongor K\u00f6lcze. Diese Ausbildung hat sich intensiv mit den Themen Klangkonzert, Klangreise und Klangmeditation besch\u00e4ftigt und war f\u00fcr mich sehr aufschlussreich. Besonders interessant fand ich das Aufzeigen und Erlernen der verschiedenen Spieltechniken an Gong und Klangschale, die Auswahl der geeigneten Schlegel, Anregungen [&hellip;]<\/p>\n","protected":false},"author":2,"featured_media":0,"comment_status":"open","ping_status":"open","sticky":false,"template":"","format":"standard","meta":{"jetpack_post_was_ever_published":false,"_jetpack_newsletter_access":"","_jetpack_dont_email_post_to_subs":false,"_jetpack_newsletter_tier_id":0,"_jetpack_memberships_contains_paywalled_content":false,"_jetpack_memberships_contains_paid_content":false,"footnotes":"","jetpack_publicize_message":"","jetpack_publicize_feature_enabled":true,"jetpack_social_post_already_shared":true,"jetpack_social_options":{"image_generator_settings":{"template":"highway","default_image_id":0,"font":"","enabled":false},"version":2}},"categories":[1,1341],"tags":[862,1897,1896,1824,1895,1898,1823,1899],"class_list":["post-33447","post","type-post","status-publish","format-standard","hentry","category-aliens-project","category-bernd-michael-land-2","tag-bernd-michael-land","tag-bonn","tag-csongor-koelcze","tag-gong","tag-klangkonzert","tag-klangreise","tag-klangschalen","tag-loeang-meditation"],"jetpack_publicize_connections":[],"jetpack_featured_media_url":"","jetpack_shortlink":"https:\/\/wp.me\/p32c1I-8Ht","jetpack_sharing_enabled":true,"jetpack_likes_enabled":true,"jetpack-related-posts":[],"_links":{"self":[{"href":"https:\/\/aliens-project.de\/blog\/wp-json\/wp\/v2\/posts\/33447","targetHints":{"allow":["GET"]}}],"collection":[{"href":"https:\/\/aliens-project.de\/blog\/wp-json\/wp\/v2\/posts"}],"about":[{"href":"https:\/\/aliens-project.de\/blog\/wp-json\/wp\/v2\/types\/post"}],"author":[{"embeddable":true,"href":"https:\/\/aliens-project.de\/blog\/wp-json\/wp\/v2\/users\/2"}],"replies":[{"embeddable":true,"href":"https:\/\/aliens-project.de\/blog\/wp-json\/wp\/v2\/comments?post=33447"}],"version-history":[{"count":7,"href":"https:\/\/aliens-project.de\/blog\/wp-json\/wp\/v2\/posts\/33447\/revisions"}],"predecessor-version":[{"id":33457,"href":"https:\/\/aliens-project.de\/blog\/wp-json\/wp\/v2\/posts\/33447\/revisions\/33457"}],"wp:attachment":[{"href":"https:\/\/aliens-project.de\/blog\/wp-json\/wp\/v2\/media?parent=33447"}],"wp:term":[{"taxonomy":"category","embeddable":true,"href":"https:\/\/aliens-project.de\/blog\/wp-json\/wp\/v2\/categories?post=33447"},{"taxonomy":"post_tag","embeddable":true,"href":"https:\/\/aliens-project.de\/blog\/wp-json\/wp\/v2\/tags?post=33447"}],"curies":[{"name":"wp","href":"https:\/\/api.w.org\/{rel}","templated":true}]}}