{"id":28950,"date":"2015-03-23T17:30:44","date_gmt":"2015-03-23T16:30:44","guid":{"rendered":"http:\/\/aliens-project.de\/blog\/?p=28950"},"modified":"2016-07-21T23:42:56","modified_gmt":"2016-07-21T22:42:56","slug":"and-the-winner-is","status":"publish","type":"post","link":"https:\/\/aliens-project.de\/blog\/2015\/03\/23\/and-the-winner-is\/","title":{"rendered":"and the winner is &#8230;"},"content":{"rendered":"<p><a href=\"http:\/\/bernd-michael-land.com\/wp-content\/uploads\/2015\/02\/167407_486514356247_167626_n.jpg\"><img loading=\"lazy\" decoding=\"async\" class=\"alignnone size-full wp-image-1647\" src=\"http:\/\/bernd-michael-land.com\/wp-content\/uploads\/2015\/02\/167407_486514356247_167626_n.jpg\" alt=\"167407_486514356247_167626_n\" width=\"160\" height=\"300\" \/><\/a><\/p>\n<p><strong>1. Platz <a href=\"http:\/\/www.schallwelle-preis.de\/\" target=\"_blank\">Schallwelle Musikpreis 2014<\/a> \/ Bester Musiker national:<br \/>\n-Bernd-Michael Land-<\/strong><\/p>\n<p><a href=\"http:\/\/bernd-michael-land.com\/wp-content\/uploads\/2015\/03\/Schallwelle-Preis-1.jpg\"><img loading=\"lazy\" decoding=\"async\" data-attachment-id=\"1847\" data-permalink=\"https:\/\/aliens-project.de\/blog\/nitrolympix08-116\/\" data-orig-file=\"https:\/\/aliens-project.de\/blog\/wp-content\/uploads\/2008\/08\/nitrolympix08-116.jpg\" data-orig-size=\"850,638\" data-comments-opened=\"1\" data-image-meta=\"{&quot;aperture&quot;:&quot;0&quot;,&quot;credit&quot;:&quot;&quot;,&quot;camera&quot;:&quot;&quot;,&quot;caption&quot;:&quot;&quot;,&quot;created_timestamp&quot;:&quot;0&quot;,&quot;copyright&quot;:&quot;&quot;,&quot;focal_length&quot;:&quot;0&quot;,&quot;iso&quot;:&quot;0&quot;,&quot;shutter_speed&quot;:&quot;0&quot;,&quot;title&quot;:&quot;&quot;}\" data-image-title=\"nitrolympix08-116\" data-image-description=\"\" data-image-caption=\"\" data-large-file=\"https:\/\/aliens-project.de\/blog\/wp-content\/uploads\/2008\/08\/nitrolympix08-116.jpg\" class=\"alignnone wp-image-1847\" src=\"http:\/\/bernd-michael-land.com\/wp-content\/uploads\/2015\/03\/Schallwelle-Preis-1-680x1024.jpg\" alt=\"Schallwelle-Preis 1\" width=\"500\" height=\"753\" \/><\/a><\/p>\n<p>Vielen Dank an alle Beteiligten von Schallwelle f\u00fcr den sch\u00f6nen Abend, die tolle Organisation und die nette Bewirtung und nicht zuletzt bei HaJo Liese f\u00fcr die nette Laudatio!<\/p>\n<p>Au\u00dferdem m\u00f6chte ich mich noch einmal ganz herzlich bei meinen Freunden und vielen treuen Fans bedanken, die f\u00fcr mich gevotet haben.<\/p>\n<p>Ich habe mich \u00fcber diese Ehrung wirklich sehr gefreut.<\/p>\n<p><a href=\"http:\/\/bernd-michael-land.com\/wp-content\/uploads\/2011\/04\/Schallwelle-Preis-2.jpg\"><img loading=\"lazy\" decoding=\"async\" data-attachment-id=\"1842\" data-permalink=\"https:\/\/aliens-project.de\/blog\/nitrolympix08-111\/\" data-orig-file=\"https:\/\/aliens-project.de\/blog\/wp-content\/uploads\/2008\/08\/nitrolympix08-111.jpg\" data-orig-size=\"850,638\" data-comments-opened=\"1\" data-image-meta=\"{&quot;aperture&quot;:&quot;0&quot;,&quot;credit&quot;:&quot;&quot;,&quot;camera&quot;:&quot;&quot;,&quot;caption&quot;:&quot;&quot;,&quot;created_timestamp&quot;:&quot;0&quot;,&quot;copyright&quot;:&quot;&quot;,&quot;focal_length&quot;:&quot;0&quot;,&quot;iso&quot;:&quot;0&quot;,&quot;shutter_speed&quot;:&quot;0&quot;,&quot;title&quot;:&quot;&quot;}\" data-image-title=\"nitrolympix08-111\" data-image-description=\"\" data-image-caption=\"\" data-large-file=\"https:\/\/aliens-project.de\/blog\/wp-content\/uploads\/2008\/08\/nitrolympix08-111.jpg\" class=\"alignnone wp-image-1842\" src=\"http:\/\/bernd-michael-land.com\/wp-content\/uploads\/2011\/04\/Schallwelle-Preis-2-126x300.jpg\" alt=\"Schallwelle-Preis 2\" width=\"209\" height=\"500\" \/><\/a><\/p>\n<p><a href=\"http:\/\/bernd-michael-land.com\/wp-content\/uploads\/2015\/03\/BerndMichaelLand.jpg\"><img loading=\"lazy\" decoding=\"async\" data-attachment-id=\"1850\" data-permalink=\"https:\/\/aliens-project.de\/blog\/nitrolympix08-119\/\" data-orig-file=\"https:\/\/aliens-project.de\/blog\/wp-content\/uploads\/2008\/08\/nitrolympix08-119.jpg\" data-orig-size=\"850,638\" data-comments-opened=\"1\" data-image-meta=\"{&quot;aperture&quot;:&quot;0&quot;,&quot;credit&quot;:&quot;&quot;,&quot;camera&quot;:&quot;&quot;,&quot;caption&quot;:&quot;&quot;,&quot;created_timestamp&quot;:&quot;0&quot;,&quot;copyright&quot;:&quot;&quot;,&quot;focal_length&quot;:&quot;0&quot;,&quot;iso&quot;:&quot;0&quot;,&quot;shutter_speed&quot;:&quot;0&quot;,&quot;title&quot;:&quot;&quot;}\" data-image-title=\"nitrolympix08-119\" data-image-description=\"\" data-image-caption=\"\" data-large-file=\"https:\/\/aliens-project.de\/blog\/wp-content\/uploads\/2008\/08\/nitrolympix08-119.jpg\" class=\"alignnone wp-image-1850\" src=\"http:\/\/bernd-michael-land.com\/wp-content\/uploads\/2015\/03\/BerndMichaelLand.jpg\" alt=\"BerndMichaelLand\" width=\"500\" height=\"250\" \/><\/a><\/p>\n<p>Mehr Infos dazu:<\/p>\n<p><a href=\"http:\/\/www.radio-total-instrumental.de\/news\/schallwellen-2014-vergeben\/\" target=\"_blank\">Radio Total<\/a><\/p>\n<p><a href=\"http:\/\/www.empulsiv.de\/magazin\/449-rueckblick-zur-verleihung-der-schallwelle-2014\" target=\"_blank\">EM-pulsiv<\/a><\/p>\n<p><a href=\"http:\/\/eldoradio.tu-dortmund.de\/codo\/blog\/?p=508\" target=\"_blank\">eldoradio<\/a><\/p>\n<p><a href=\"http:\/\/smazars.blogspot.de\/2015\/03\/lhommage-des-schallwelle-awards-edgar.html\" target=\"_blank\">Encore<\/a><\/p>\n<p><a href=\"http:\/\/www.keystoshredding.com\/2015\/03\/schallwelle-awards-this-years-results.html\" target=\"_blank\">Keys to Shredding<\/a><\/p>\n<p><span class=\"removed_link\" title=\"http:\/\/www.mybestcv2.co.il\/TextPage_EN.aspx?ID=11600316\">direct rss<\/span><\/p>\n","protected":false},"excerpt":{"rendered":"<p>1. Platz Schallwelle Musikpreis 2014 \/ Bester Musiker national: -Bernd-Michael Land- Vielen Dank an alle Beteiligten von Schallwelle f\u00fcr den sch\u00f6nen Abend, die tolle Organisation und die nette Bewirtung und nicht zuletzt bei HaJo Liese f\u00fcr die nette Laudatio! Au\u00dferdem m\u00f6chte ich mich noch einmal ganz herzlich bei meinen Freunden und vielen treuen Fans bedanken, [&hellip;]<\/p>\n","protected":false},"author":2,"featured_media":0,"comment_status":"open","ping_status":"open","sticky":false,"template":"","format":"standard","meta":{"jetpack_post_was_ever_published":false,"_jetpack_newsletter_access":"","_jetpack_dont_email_post_to_subs":false,"_jetpack_newsletter_tier_id":0,"_jetpack_memberships_contains_paywalled_content":false,"_jetpack_memberships_contains_paid_content":false,"footnotes":"","jetpack_publicize_message":"","jetpack_publicize_feature_enabled":true,"jetpack_social_post_already_shared":true,"jetpack_social_options":{"image_generator_settings":{"template":"highway","default_image_id":0,"font":"","enabled":false},"version":2}},"categories":[1,1341,271],"tags":[1677,21,1590,1591,862,1424,1537,120,1592,1593,1294,1559,1594,1595],"class_list":["post-28950","post","type-post","status-publish","format-standard","hentry","category-aliens-project","category-bernd-michael-land-2","category-live-events","tag-aliens-project","tag-ambient","tag-atmospheric-dark","tag-berlin-school","tag-bernd-michael-land","tag-chill-out","tag-electronic-music-elektronische-musik","tag-electronica","tag-ethereal","tag-experimental-electronic","tag-rodgau-hainhausen","tag-schallwelle-award","tag-soundscapes","tag-space-music"],"jetpack_publicize_connections":[],"jetpack_featured_media_url":"","jetpack_shortlink":"https:\/\/wp.me\/p32c1I-7wW","jetpack_sharing_enabled":true,"jetpack_likes_enabled":true,"jetpack-related-posts":[],"_links":{"self":[{"href":"https:\/\/aliens-project.de\/blog\/wp-json\/wp\/v2\/posts\/28950","targetHints":{"allow":["GET"]}}],"collection":[{"href":"https:\/\/aliens-project.de\/blog\/wp-json\/wp\/v2\/posts"}],"about":[{"href":"https:\/\/aliens-project.de\/blog\/wp-json\/wp\/v2\/types\/post"}],"author":[{"embeddable":true,"href":"https:\/\/aliens-project.de\/blog\/wp-json\/wp\/v2\/users\/2"}],"replies":[{"embeddable":true,"href":"https:\/\/aliens-project.de\/blog\/wp-json\/wp\/v2\/comments?post=28950"}],"version-history":[{"count":5,"href":"https:\/\/aliens-project.de\/blog\/wp-json\/wp\/v2\/posts\/28950\/revisions"}],"predecessor-version":[{"id":32406,"href":"https:\/\/aliens-project.de\/blog\/wp-json\/wp\/v2\/posts\/28950\/revisions\/32406"}],"wp:attachment":[{"href":"https:\/\/aliens-project.de\/blog\/wp-json\/wp\/v2\/media?parent=28950"}],"wp:term":[{"taxonomy":"category","embeddable":true,"href":"https:\/\/aliens-project.de\/blog\/wp-json\/wp\/v2\/categories?post=28950"},{"taxonomy":"post_tag","embeddable":true,"href":"https:\/\/aliens-project.de\/blog\/wp-json\/wp\/v2\/tags?post=28950"}],"curies":[{"name":"wp","href":"https:\/\/api.w.org\/{rel}","templated":true}]}}