{"id":28671,"date":"2015-02-25T10:18:42","date_gmt":"2015-02-25T09:18:42","guid":{"rendered":"http:\/\/aliens-project.de\/blog\/?p=28671"},"modified":"2016-07-21T23:42:56","modified_gmt":"2016-07-21T22:42:56","slug":"25-26-02-2015-bernd-michael-land-auf-radio-modul303","status":"publish","type":"post","link":"https:\/\/aliens-project.de\/blog\/2015\/02\/25\/25-26-02-2015-bernd-michael-land-auf-radio-modul303\/","title":{"rendered":"25. + 26.02.2015 -Bernd-Michael Land auf Radio Modul303"},"content":{"rendered":"<p><strong>Mittwoch 25.02.2015<br \/>\nvon 14.00h bis 17.00h<\/strong><\/p>\n<p><strong>Donnerstag 26.02.2015<\/strong><br \/>\n<strong> von 14.00h bis 17.00h<\/strong><\/p>\n<p>Volle 3 Stunden re-run der <a href=\"http:\/\/bernd-michael-land.com\/2015\/02\/20\/22-02-2015-bernd-michael-land-auf-radio-modul303\/\" target=\"_blank\">Sendung vom Sonntag<\/a>, exklusiv auf <span class=\"removed_link\" title=\"www.modul303.com\">Radio Modul303<\/span><\/p>\n<p>Gesendet wird eine noch unver\u00f6ffentlichte Pre-View des in K\u00fcrze erscheinenden Albums &#8222;Das L\u00e4cheln der B\u00e4ume&#8220;<\/p>\n<p><a href=\"http:\/\/bernd-michael-land.com\/wp-content\/uploads\/2015\/02\/Radio-Modul-303-2.jpg\"><img loading=\"lazy\" decoding=\"async\" class=\"alignnone wp-image-1694\" src=\"http:\/\/bernd-michael-land.com\/wp-content\/uploads\/2015\/02\/Radio-Modul-303-2.jpg\" alt=\"Radio Modul 303 2\" width=\"500\" height=\"248\" \/><\/a><\/p>\n","protected":false},"excerpt":{"rendered":"<p>Mittwoch 25.02.2015 von 14.00h bis 17.00h Donnerstag 26.02.2015 von 14.00h bis 17.00h Volle 3 Stunden re-run der Sendung vom Sonntag, exklusiv auf Radio Modul303 Gesendet wird eine noch unver\u00f6ffentlichte Pre-View des in K\u00fcrze erscheinenden Albums &#8222;Das L\u00e4cheln der B\u00e4ume&#8220;<\/p>\n","protected":false},"author":2,"featured_media":0,"comment_status":"open","ping_status":"open","sticky":false,"template":"","format":"standard","meta":{"jetpack_post_was_ever_published":false,"_jetpack_newsletter_access":"","_jetpack_dont_email_post_to_subs":false,"_jetpack_newsletter_tier_id":0,"_jetpack_memberships_contains_paywalled_content":false,"_jetpack_memberships_contains_paid_content":false,"footnotes":"","jetpack_publicize_message":"","jetpack_publicize_feature_enabled":true,"jetpack_social_post_already_shared":true,"jetpack_social_options":{"image_generator_settings":{"template":"highway","default_image_id":0,"font":"","enabled":false},"version":2}},"categories":[1,1341],"tags":[1677,862,210,1436,1572,1294,126],"class_list":["post-28671","post","type-post","status-publish","format-standard","hentry","category-aliens-project","category-bernd-michael-land-2","tag-aliens-project","tag-bernd-michael-land","tag-elektronische-musik","tag-musiker","tag-radio-modul303","tag-rodgau-hainhausen","tag-synxss-studio"],"jetpack_publicize_connections":[],"jetpack_featured_media_url":"","jetpack_shortlink":"https:\/\/wp.me\/p32c1I-7sr","jetpack_sharing_enabled":true,"jetpack_likes_enabled":true,"jetpack-related-posts":[],"_links":{"self":[{"href":"https:\/\/aliens-project.de\/blog\/wp-json\/wp\/v2\/posts\/28671","targetHints":{"allow":["GET"]}}],"collection":[{"href":"https:\/\/aliens-project.de\/blog\/wp-json\/wp\/v2\/posts"}],"about":[{"href":"https:\/\/aliens-project.de\/blog\/wp-json\/wp\/v2\/types\/post"}],"author":[{"embeddable":true,"href":"https:\/\/aliens-project.de\/blog\/wp-json\/wp\/v2\/users\/2"}],"replies":[{"embeddable":true,"href":"https:\/\/aliens-project.de\/blog\/wp-json\/wp\/v2\/comments?post=28671"}],"version-history":[{"count":3,"href":"https:\/\/aliens-project.de\/blog\/wp-json\/wp\/v2\/posts\/28671\/revisions"}],"predecessor-version":[{"id":32405,"href":"https:\/\/aliens-project.de\/blog\/wp-json\/wp\/v2\/posts\/28671\/revisions\/32405"}],"wp:attachment":[{"href":"https:\/\/aliens-project.de\/blog\/wp-json\/wp\/v2\/media?parent=28671"}],"wp:term":[{"taxonomy":"category","embeddable":true,"href":"https:\/\/aliens-project.de\/blog\/wp-json\/wp\/v2\/categories?post=28671"},{"taxonomy":"post_tag","embeddable":true,"href":"https:\/\/aliens-project.de\/blog\/wp-json\/wp\/v2\/tags?post=28671"}],"curies":[{"name":"wp","href":"https:\/\/api.w.org\/{rel}","templated":true}]}}