{"id":268,"date":"2007-12-17T13:19:47","date_gmt":"2007-12-17T11:19:47","guid":{"rendered":"http:\/\/aliens-project.de\/blog\/?p=268"},"modified":"2017-03-04T00:08:45","modified_gmt":"2017-03-03T23:08:45","slug":"ek-lounge-15-am-28122007","status":"publish","type":"post","link":"https:\/\/aliens-project.de\/blog\/2007\/12\/17\/ek-lounge-15-am-28122007\/","title":{"rendered":"\u00c4nderung: EK-Lounge #15 am 28.12.2007"},"content":{"rendered":"<p>EK-Lounge #15 am <span style=\"text-decoration: line-through;\">28.12.2007<\/span><\/p>\n<p><strong>Achtung! Termin + Location\u00a0ge\u00e4ndert!<\/strong><\/p>\n<p>Wann und wo steht derzeit noch nicht genau\u00a0fest.<\/p>\n<p><a title=\"EK-Lounge#15pre\" href=\"https:\/\/aliens-project.de\/blog\/wp-content\/uploads\/2007\/12\/ek-lounge_15pre.jpg\"><img decoding=\"async\" src=\"https:\/\/aliens-project.de\/blog\/wp-content\/uploads\/2007\/12\/ek-lounge_15pre.jpg\" alt=\"EK-Lounge#15pre\" \/><\/a><\/p>\n<p><strong>Unsere letzte EK-Lounge in\u00a02007 zum Jahresabschlu\u00df!<\/strong><\/p>\n<p>Die EK-Lounge #15 ist wieder intern und steht nur\u00a0den teilnehmenden Musikern offen, sie\u00a0ist aus\u00a0r\u00e4umlichen Gr\u00fcnden nicht f\u00fcr Zuschauer zug\u00e4nglich.\u00a0<\/p>\n<p>Musiziert wird\u00a0wieder einmal in unserer alten Mainzer Stammlocation. Wer gerne dabei mitmachen m\u00f6chte, soll sich bitte vorher im <span class=\"removed_link\" title=\"http:\/\/www.elektro-kartell.de\/Forum\">EK-Forum<\/span> anmelden, denn der Platz ist sehr begrenzt. Wir freuen uns immer \u00fcber neue Gesichter.<\/p>\n<p>Der Beginn \/ Aufbau\u00a0ist ab 14.00h<\/p>\n","protected":false},"excerpt":{"rendered":"<p>EK-Lounge #15 am 28.12.2007 Achtung! Termin + Location\u00a0ge\u00e4ndert! Wann und wo steht derzeit noch nicht genau\u00a0fest. Unsere letzte EK-Lounge in\u00a02007 zum Jahresabschlu\u00df! Die EK-Lounge #15 ist wieder intern und steht nur\u00a0den teilnehmenden Musikern offen, sie\u00a0ist aus\u00a0r\u00e4umlichen Gr\u00fcnden nicht f\u00fcr Zuschauer zug\u00e4nglich.\u00a0 Musiziert wird\u00a0wieder einmal in unserer alten Mainzer Stammlocation. Wer gerne dabei mitmachen m\u00f6chte, soll [&hellip;]<\/p>\n","protected":false},"author":2,"featured_media":0,"comment_status":"open","ping_status":"open","sticky":false,"template":"","format":"standard","meta":{"jetpack_post_was_ever_published":false,"_jetpack_newsletter_access":"","_jetpack_dont_email_post_to_subs":true,"_jetpack_newsletter_tier_id":0,"_jetpack_memberships_contains_paywalled_content":false,"_jetpack_memberships_contains_paid_content":false,"footnotes":"","jetpack_publicize_message":"","jetpack_publicize_feature_enabled":true,"jetpack_social_post_already_shared":false,"jetpack_social_options":{"image_generator_settings":{"template":"highway","default_image_id":0,"font":"","enabled":false},"version":2}},"categories":[1,271],"tags":[65],"class_list":["post-268","post","type-post","status-publish","format-standard","hentry","category-aliens-project","category-live-events","tag-ek-lounge-15"],"jetpack_publicize_connections":[],"jetpack_featured_media_url":"","jetpack_shortlink":"https:\/\/wp.me\/p32c1I-4k","jetpack_sharing_enabled":true,"jetpack_likes_enabled":true,"jetpack-related-posts":[],"_links":{"self":[{"href":"https:\/\/aliens-project.de\/blog\/wp-json\/wp\/v2\/posts\/268","targetHints":{"allow":["GET"]}}],"collection":[{"href":"https:\/\/aliens-project.de\/blog\/wp-json\/wp\/v2\/posts"}],"about":[{"href":"https:\/\/aliens-project.de\/blog\/wp-json\/wp\/v2\/types\/post"}],"author":[{"embeddable":true,"href":"https:\/\/aliens-project.de\/blog\/wp-json\/wp\/v2\/users\/2"}],"replies":[{"embeddable":true,"href":"https:\/\/aliens-project.de\/blog\/wp-json\/wp\/v2\/comments?post=268"}],"version-history":[{"count":4,"href":"https:\/\/aliens-project.de\/blog\/wp-json\/wp\/v2\/posts\/268\/revisions"}],"predecessor-version":[{"id":33899,"href":"https:\/\/aliens-project.de\/blog\/wp-json\/wp\/v2\/posts\/268\/revisions\/33899"}],"wp:attachment":[{"href":"https:\/\/aliens-project.de\/blog\/wp-json\/wp\/v2\/media?parent=268"}],"wp:term":[{"taxonomy":"category","embeddable":true,"href":"https:\/\/aliens-project.de\/blog\/wp-json\/wp\/v2\/categories?post=268"},{"taxonomy":"post_tag","embeddable":true,"href":"https:\/\/aliens-project.de\/blog\/wp-json\/wp\/v2\/tags?post=268"}],"curies":[{"name":"wp","href":"https:\/\/api.w.org\/{rel}","templated":true}]}}