{"id":23998,"date":"2014-03-13T11:18:12","date_gmt":"2014-03-13T10:18:12","guid":{"rendered":"http:\/\/aliens-project.de\/blog\/?p=23998"},"modified":"2016-07-21T23:47:10","modified_gmt":"2016-07-21T22:47:10","slug":"musikmesse-2014","status":"publish","type":"post","link":"https:\/\/aliens-project.de\/blog\/2014\/03\/13\/musikmesse-2014\/","title":{"rendered":"Musikmesse 2014"},"content":{"rendered":"<p><a href=\"https:\/\/aliens-project.de\/blog\/2014\/03\/13\/musikmesse-2014\/musikmesse-frankfurt\/\" rel=\"attachment wp-att-23999\"><img loading=\"lazy\" decoding=\"async\" data-attachment-id=\"23999\" data-permalink=\"https:\/\/aliens-project.de\/blog\/2014\/03\/13\/musikmesse-2014\/musikmesse-frankfurt\/\" data-orig-file=\"https:\/\/aliens-project.de\/blog\/wp-content\/uploads\/2014\/03\/Musikmesse-Frankfurt.jpg\" data-orig-size=\"1032,1134\" data-comments-opened=\"1\" data-image-meta=\"{&quot;aperture&quot;:&quot;0&quot;,&quot;credit&quot;:&quot;&quot;,&quot;camera&quot;:&quot;&quot;,&quot;caption&quot;:&quot;&quot;,&quot;created_timestamp&quot;:&quot;0&quot;,&quot;copyright&quot;:&quot;&quot;,&quot;focal_length&quot;:&quot;0&quot;,&quot;iso&quot;:&quot;0&quot;,&quot;shutter_speed&quot;:&quot;0&quot;,&quot;title&quot;:&quot;&quot;}\" data-image-title=\"Musikmesse Frankfurt\" data-image-description=\"\" data-image-caption=\"\" data-large-file=\"https:\/\/aliens-project.de\/blog\/wp-content\/uploads\/2014\/03\/Musikmesse-Frankfurt-931x1024.jpg\" class=\"alignleft  wp-image-23999\" alt=\"Musikmesse Frankfurt\" src=\"https:\/\/aliens-project.de\/blog\/wp-content\/uploads\/2014\/03\/Musikmesse-Frankfurt.jpg\" width=\"619\" height=\"680\" srcset=\"https:\/\/aliens-project.de\/blog\/wp-content\/uploads\/2014\/03\/Musikmesse-Frankfurt.jpg 1032w, https:\/\/aliens-project.de\/blog\/wp-content\/uploads\/2014\/03\/Musikmesse-Frankfurt-273x300.jpg 273w, https:\/\/aliens-project.de\/blog\/wp-content\/uploads\/2014\/03\/Musikmesse-Frankfurt-931x1024.jpg 931w\" sizes=\"auto, (max-width: 619px) 100vw, 619px\" \/><\/a><\/p>\n<p>Am gestrigen Mittwoch habe ich die Frankfurter Musikmesse besucht und mal wieder gerade so meine geplante Runde geschafft.<br \/>\nUm sich wirklich alles Interessante anschauen zu k\u00f6nnen, w\u00fcrde ich jedoch mindestens einen weiteren Tag ben\u00f6tigen, wenn man die parallel verlaufende Messe &#8222;Pro Light&amp;Sound&#8220; einmal komplett wegl\u00e4\u00dft.<br \/>\nWie immer, hab ich wieder viele Freunde und alte Bekannte getroffen, war mal wieder eine nette Abwechslung.<\/p>\n<p>Kevin, Kai und ich&#8230;<\/p>\n","protected":false},"excerpt":{"rendered":"<p>Am gestrigen Mittwoch habe ich die Frankfurter Musikmesse besucht und mal wieder gerade so meine geplante Runde geschafft. Um sich wirklich alles Interessante anschauen zu k\u00f6nnen, w\u00fcrde ich jedoch mindestens einen weiteren Tag ben\u00f6tigen, wenn man die parallel verlaufende Messe &#8222;Pro Light&amp;Sound&#8220; einmal komplett wegl\u00e4\u00dft. Wie immer, hab ich wieder viele Freunde und alte Bekannte [&hellip;]<\/p>\n","protected":false},"author":2,"featured_media":0,"comment_status":"open","ping_status":"open","sticky":false,"template":"","format":"standard","meta":{"jetpack_post_was_ever_published":false,"_jetpack_newsletter_access":"","_jetpack_dont_email_post_to_subs":false,"_jetpack_newsletter_tier_id":0,"_jetpack_memberships_contains_paywalled_content":false,"_jetpack_memberships_contains_paid_content":false,"footnotes":"","jetpack_publicize_message":"","jetpack_publicize_feature_enabled":true,"jetpack_social_post_already_shared":true,"jetpack_social_options":{"image_generator_settings":{"template":"highway","default_image_id":0,"font":"","enabled":false},"version":2}},"categories":[1,1341],"tags":[1400],"class_list":["post-23998","post","type-post","status-publish","format-standard","hentry","category-aliens-project","category-bernd-michael-land-2","tag-musikmesse-2014"],"jetpack_publicize_connections":[],"jetpack_featured_media_url":"","jetpack_shortlink":"https:\/\/wp.me\/p32c1I-6f4","jetpack_sharing_enabled":true,"jetpack_likes_enabled":true,"jetpack-related-posts":[],"_links":{"self":[{"href":"https:\/\/aliens-project.de\/blog\/wp-json\/wp\/v2\/posts\/23998","targetHints":{"allow":["GET"]}}],"collection":[{"href":"https:\/\/aliens-project.de\/blog\/wp-json\/wp\/v2\/posts"}],"about":[{"href":"https:\/\/aliens-project.de\/blog\/wp-json\/wp\/v2\/types\/post"}],"author":[{"embeddable":true,"href":"https:\/\/aliens-project.de\/blog\/wp-json\/wp\/v2\/users\/2"}],"replies":[{"embeddable":true,"href":"https:\/\/aliens-project.de\/blog\/wp-json\/wp\/v2\/comments?post=23998"}],"version-history":[{"count":8,"href":"https:\/\/aliens-project.de\/blog\/wp-json\/wp\/v2\/posts\/23998\/revisions"}],"predecessor-version":[{"id":32777,"href":"https:\/\/aliens-project.de\/blog\/wp-json\/wp\/v2\/posts\/23998\/revisions\/32777"}],"wp:attachment":[{"href":"https:\/\/aliens-project.de\/blog\/wp-json\/wp\/v2\/media?parent=23998"}],"wp:term":[{"taxonomy":"category","embeddable":true,"href":"https:\/\/aliens-project.de\/blog\/wp-json\/wp\/v2\/categories?post=23998"},{"taxonomy":"post_tag","embeddable":true,"href":"https:\/\/aliens-project.de\/blog\/wp-json\/wp\/v2\/tags?post=23998"}],"curies":[{"name":"wp","href":"https:\/\/api.w.org\/{rel}","templated":true}]}}