{"id":23974,"date":"2014-03-10T12:24:42","date_gmt":"2014-03-10T11:24:42","guid":{"rendered":"http:\/\/aliens-project.de\/blog\/?p=23974"},"modified":"2014-03-10T12:24:42","modified_gmt":"2014-03-10T11:24:42","slug":"die-neue-carl-ullrich-bruecke","status":"publish","type":"post","link":"https:\/\/aliens-project.de\/blog\/2014\/03\/10\/die-neue-carl-ullrich-bruecke\/","title":{"rendered":"die neue Carl-Ullrich-Br\u00fccke"},"content":{"rendered":"<p><a href=\"https:\/\/aliens-project.de\/blog\/2014\/03\/10\/die-neue-carl-ullrich-bruecke\/carl-ullrich-bruecke-1\/\" rel=\"attachment wp-att-23975\"><img loading=\"lazy\" decoding=\"async\" data-attachment-id=\"23975\" data-permalink=\"https:\/\/aliens-project.de\/blog\/2014\/03\/10\/die-neue-carl-ullrich-bruecke\/carl-ullrich-bruecke-1\/\" data-orig-file=\"https:\/\/aliens-project.de\/blog\/wp-content\/uploads\/2014\/03\/Carl-Ullrich-Br\u00fccke-1.jpg\" data-orig-size=\"1134,847\" data-comments-opened=\"1\" data-image-meta=\"{&quot;aperture&quot;:&quot;2.8&quot;,&quot;credit&quot;:&quot;&quot;,&quot;camera&quot;:&quot;iPhone 4&quot;,&quot;caption&quot;:&quot;&quot;,&quot;created_timestamp&quot;:&quot;1393589591&quot;,&quot;copyright&quot;:&quot;&quot;,&quot;focal_length&quot;:&quot;3.85&quot;,&quot;iso&quot;:&quot;80&quot;,&quot;shutter_speed&quot;:&quot;0.00324675324675&quot;,&quot;title&quot;:&quot;&quot;}\" data-image-title=\"Carl-Ullrich-Br\u00fccke 1\" data-image-description=\"\" data-image-caption=\"\" data-large-file=\"https:\/\/aliens-project.de\/blog\/wp-content\/uploads\/2014\/03\/Carl-Ullrich-Br\u00fccke-1-1024x764.jpg\" class=\"alignleft size-full wp-image-23975\" alt=\"Carl-Ullrich-Br\u00fccke 1\" src=\"https:\/\/aliens-project.de\/blog\/wp-content\/uploads\/2014\/03\/Carl-Ullrich-Br\u00fccke-1.jpg\" width=\"1134\" height=\"847\" srcset=\"https:\/\/aliens-project.de\/blog\/wp-content\/uploads\/2014\/03\/Carl-Ullrich-Br\u00fccke-1.jpg 1134w, https:\/\/aliens-project.de\/blog\/wp-content\/uploads\/2014\/03\/Carl-Ullrich-Br\u00fccke-1-300x224.jpg 300w, https:\/\/aliens-project.de\/blog\/wp-content\/uploads\/2014\/03\/Carl-Ullrich-Br\u00fccke-1-1024x764.jpg 1024w\" sizes=\"auto, (max-width: 1134px) 100vw, 1134px\" \/><\/a><\/p>\n<p>Die neue Br\u00fccke liegt schon fast fertiggestellt am Offenbacher Mainufer.<br \/>\nNaja, es w\u00e4re vielleicht sinnvoller gewesen, wenn die Br\u00fccke direkt \u00fcber das Wasser gef\u00fchrt h\u00e4tte, statt sie parallel dazu nebendran hinzubauen.<br \/>\nIst aber auch sch\u00f6n.<br \/>\n;-)<\/p>\n<p><a href=\"https:\/\/aliens-project.de\/blog\/2014\/03\/10\/die-neue-carl-ullrich-bruecke\/carl-ullrich-bruecke-2\/\" rel=\"attachment wp-att-23976\"><img loading=\"lazy\" decoding=\"async\" data-attachment-id=\"23976\" data-permalink=\"https:\/\/aliens-project.de\/blog\/2014\/03\/10\/die-neue-carl-ullrich-bruecke\/carl-ullrich-bruecke-2\/\" data-orig-file=\"https:\/\/aliens-project.de\/blog\/wp-content\/uploads\/2014\/03\/Carl-Ullrich-Br\u00fccke-2.jpg\" data-orig-size=\"1134,847\" data-comments-opened=\"1\" data-image-meta=\"{&quot;aperture&quot;:&quot;2.8&quot;,&quot;credit&quot;:&quot;&quot;,&quot;camera&quot;:&quot;iPhone 4&quot;,&quot;caption&quot;:&quot;&quot;,&quot;created_timestamp&quot;:&quot;1393589543&quot;,&quot;copyright&quot;:&quot;&quot;,&quot;focal_length&quot;:&quot;3.85&quot;,&quot;iso&quot;:&quot;80&quot;,&quot;shutter_speed&quot;:&quot;0.00367647058824&quot;,&quot;title&quot;:&quot;&quot;}\" data-image-title=\"Carl-Ullrich-Br\u00fccke 2\" data-image-description=\"\" data-image-caption=\"\" data-large-file=\"https:\/\/aliens-project.de\/blog\/wp-content\/uploads\/2014\/03\/Carl-Ullrich-Br\u00fccke-2-1024x764.jpg\" class=\"alignleft size-full wp-image-23976\" alt=\"Carl-Ullrich-Br\u00fccke 2\" src=\"https:\/\/aliens-project.de\/blog\/wp-content\/uploads\/2014\/03\/Carl-Ullrich-Br\u00fccke-2.jpg\" width=\"1134\" height=\"847\" srcset=\"https:\/\/aliens-project.de\/blog\/wp-content\/uploads\/2014\/03\/Carl-Ullrich-Br\u00fccke-2.jpg 1134w, https:\/\/aliens-project.de\/blog\/wp-content\/uploads\/2014\/03\/Carl-Ullrich-Br\u00fccke-2-300x224.jpg 300w, https:\/\/aliens-project.de\/blog\/wp-content\/uploads\/2014\/03\/Carl-Ullrich-Br\u00fccke-2-1024x764.jpg 1024w\" sizes=\"auto, (max-width: 1134px) 100vw, 1134px\" \/><\/a><\/p>\n","protected":false},"excerpt":{"rendered":"<p>Die neue Br\u00fccke liegt schon fast fertiggestellt am Offenbacher Mainufer. Naja, es w\u00e4re vielleicht sinnvoller gewesen, wenn die Br\u00fccke direkt \u00fcber das Wasser gef\u00fchrt h\u00e4tte, statt sie parallel dazu nebendran hinzubauen. Ist aber auch sch\u00f6n. ;-)<\/p>\n","protected":false},"author":2,"featured_media":0,"comment_status":"open","ping_status":"open","sticky":false,"template":"","format":"standard","meta":{"jetpack_post_was_ever_published":false,"_jetpack_newsletter_access":"","_jetpack_dont_email_post_to_subs":false,"_jetpack_newsletter_tier_id":0,"_jetpack_memberships_contains_paywalled_content":false,"_jetpack_memberships_contains_paid_content":false,"footnotes":"","jetpack_publicize_message":"","jetpack_publicize_feature_enabled":true,"jetpack_social_post_already_shared":true,"jetpack_social_options":{"image_generator_settings":{"template":"highway","default_image_id":0,"font":"","enabled":false},"version":2}},"categories":[1,1341,272],"tags":[1398,877],"class_list":["post-23974","post","type-post","status-publish","format-standard","hentry","category-aliens-project","category-bernd-michael-land-2","category-fun","tag-carl-ullrich-bruecke-offenbach","tag-offenbach-am-main"],"jetpack_publicize_connections":[],"jetpack_featured_media_url":"","jetpack_shortlink":"https:\/\/wp.me\/p32c1I-6eG","jetpack_sharing_enabled":true,"jetpack_likes_enabled":true,"jetpack-related-posts":[],"_links":{"self":[{"href":"https:\/\/aliens-project.de\/blog\/wp-json\/wp\/v2\/posts\/23974","targetHints":{"allow":["GET"]}}],"collection":[{"href":"https:\/\/aliens-project.de\/blog\/wp-json\/wp\/v2\/posts"}],"about":[{"href":"https:\/\/aliens-project.de\/blog\/wp-json\/wp\/v2\/types\/post"}],"author":[{"embeddable":true,"href":"https:\/\/aliens-project.de\/blog\/wp-json\/wp\/v2\/users\/2"}],"replies":[{"embeddable":true,"href":"https:\/\/aliens-project.de\/blog\/wp-json\/wp\/v2\/comments?post=23974"}],"version-history":[{"count":2,"href":"https:\/\/aliens-project.de\/blog\/wp-json\/wp\/v2\/posts\/23974\/revisions"}],"predecessor-version":[{"id":23979,"href":"https:\/\/aliens-project.de\/blog\/wp-json\/wp\/v2\/posts\/23974\/revisions\/23979"}],"wp:attachment":[{"href":"https:\/\/aliens-project.de\/blog\/wp-json\/wp\/v2\/media?parent=23974"}],"wp:term":[{"taxonomy":"category","embeddable":true,"href":"https:\/\/aliens-project.de\/blog\/wp-json\/wp\/v2\/categories?post=23974"},{"taxonomy":"post_tag","embeddable":true,"href":"https:\/\/aliens-project.de\/blog\/wp-json\/wp\/v2\/tags?post=23974"}],"curies":[{"name":"wp","href":"https:\/\/api.w.org\/{rel}","templated":true}]}}