{"id":10721,"date":"2010-11-17T17:44:19","date_gmt":"2010-11-17T16:44:19","guid":{"rendered":"http:\/\/aliens-project.de\/blog\/?p=10721"},"modified":"2010-11-17T17:44:19","modified_gmt":"2010-11-17T16:44:19","slug":"06-november-2010-ambient-art-festival-innsbruck-2","status":"publish","type":"post","link":"https:\/\/aliens-project.de\/blog\/2010\/11\/17\/06-november-2010-ambient-art-festival-innsbruck-2\/","title":{"rendered":"06. November 2010 &#8211; Ambient-Art Festival \/ Innsbruck"},"content":{"rendered":"<p><a href=\"https:\/\/aliens-project.de\/blog\/wp-content\/uploads\/2010\/11\/Paul-Santek-01.jpg\"><\/a><img loading=\"lazy\" decoding=\"async\" title=\"EK-Lounge#40\" src=\"https:\/\/aliens-project.de\/blog\/wp-content\/uploads\/2010\/11\/EK-Lounge40.jpg\" alt=\"\" width=\"326\" height=\"245\" \/><\/p>\n<p>So, jetzt ist auch unsere Musik vom Ambient-Art-Festival (EK-Lounge #40)\u00a0online:<\/p>\n<p><a href=\"https:\/\/aliens-project.de\/blog\/wp-content\/uploads\/2010\/11\/01-Flight-to-Innsbruck.mp3\">01 Flight to Innsbruck<\/a><\/p>\n<p><a href=\"https:\/\/aliens-project.de\/blog\/wp-content\/uploads\/2010\/11\/02-In-the-Dark-Room.mp3\">02 In the Dark Room<\/a><\/p>\n<p><a href=\"https:\/\/aliens-project.de\/blog\/wp-content\/uploads\/2010\/11\/03-Pantomime.mp3\">03 Pantomime<\/a><\/p>\n<p><a href=\"https:\/\/aliens-project.de\/blog\/wp-content\/uploads\/2010\/11\/02-In-the-Dark-Room.mp3\"><\/a>\u00a0<a href=\"https:\/\/aliens-project.de\/blog\/wp-content\/uploads\/2010\/11\/04-The-Color-of-Live.mp3\">04 The Color of Live<\/a><\/p>\n<div>\n<p>Viel Spa\u00df damit beim Anh\u00f6ren!<\/p>\n<p>Hier noch ein paar sch\u00f6ne Bilder von Paul Santek,\u00a0Simon Bailey,<br \/>\nStefan Horber und Harry Triendl:<\/p>\n<p><a href=\"https:\/\/aliens-project.de\/blog\/wp-content\/uploads\/2010\/11\/Paul-Santek-01.jpg\"><img loading=\"lazy\" decoding=\"async\" title=\"Paul Santek-01\" src=\"https:\/\/aliens-project.de\/blog\/wp-content\/uploads\/2010\/11\/Paul-Santek-01.jpg\" alt=\"\" width=\"720\" height=\"293\" \/><\/a><\/p>\n<p><a href=\"https:\/\/aliens-project.de\/blog\/wp-content\/uploads\/2010\/11\/67a_by_Stephan_Horber.jpg\"><img loading=\"lazy\" decoding=\"async\" data-attachment-id=\"10729\" data-permalink=\"https:\/\/aliens-project.de\/blog\/2010\/11\/17\/06-november-2010-ambient-art-festival-innsbruck-2\/67a_by_stephan_horber\/\" data-orig-file=\"https:\/\/aliens-project.de\/blog\/wp-content\/uploads\/2010\/11\/67a_by_Stephan_Horber.jpg\" data-orig-size=\"992,717\" data-comments-opened=\"1\" data-image-meta=\"{&quot;aperture&quot;:&quot;0&quot;,&quot;credit&quot;:&quot;&quot;,&quot;camera&quot;:&quot;&quot;,&quot;caption&quot;:&quot;&quot;,&quot;created_timestamp&quot;:&quot;0&quot;,&quot;copyright&quot;:&quot;&quot;,&quot;focal_length&quot;:&quot;0&quot;,&quot;iso&quot;:&quot;0&quot;,&quot;shutter_speed&quot;:&quot;0&quot;,&quot;title&quot;:&quot;&quot;}\" data-image-title=\"67a_by_Stephan_Horber\" data-image-description=\"\" data-image-caption=\"\" data-large-file=\"https:\/\/aliens-project.de\/blog\/wp-content\/uploads\/2010\/11\/67a_by_Stephan_Horber.jpg\" class=\"alignleft size-full wp-image-10729\" title=\"67a_by_Stephan_Horber\" src=\"https:\/\/aliens-project.de\/blog\/wp-content\/uploads\/2010\/11\/67a_by_Stephan_Horber.jpg\" alt=\"\" width=\"794\" height=\"574\" srcset=\"https:\/\/aliens-project.de\/blog\/wp-content\/uploads\/2010\/11\/67a_by_Stephan_Horber.jpg 992w, https:\/\/aliens-project.de\/blog\/wp-content\/uploads\/2010\/11\/67a_by_Stephan_Horber-300x216.jpg 300w\" sizes=\"auto, (max-width: 794px) 100vw, 794px\" \/><\/a><\/p>\n<\/div>\n<div>\n<p><a href=\"https:\/\/aliens-project.de\/blog\/wp-content\/uploads\/2010\/11\/22a_by_Stephan_Horber.jpg\"><img loading=\"lazy\" decoding=\"async\" data-attachment-id=\"10728\" data-permalink=\"https:\/\/aliens-project.de\/blog\/2010\/11\/17\/06-november-2010-ambient-art-festival-innsbruck-2\/22a_by_stephan_horber\/\" data-orig-file=\"https:\/\/aliens-project.de\/blog\/wp-content\/uploads\/2010\/11\/22a_by_Stephan_Horber.jpg\" data-orig-size=\"992,717\" data-comments-opened=\"1\" data-image-meta=\"{&quot;aperture&quot;:&quot;0&quot;,&quot;credit&quot;:&quot;&quot;,&quot;camera&quot;:&quot;&quot;,&quot;caption&quot;:&quot;&quot;,&quot;created_timestamp&quot;:&quot;0&quot;,&quot;copyright&quot;:&quot;&quot;,&quot;focal_length&quot;:&quot;0&quot;,&quot;iso&quot;:&quot;0&quot;,&quot;shutter_speed&quot;:&quot;0&quot;,&quot;title&quot;:&quot;&quot;}\" data-image-title=\"22a_by_Stephan_Horber\" data-image-description=\"\" data-image-caption=\"\" data-large-file=\"https:\/\/aliens-project.de\/blog\/wp-content\/uploads\/2010\/11\/22a_by_Stephan_Horber.jpg\" class=\"alignleft size-full wp-image-10728\" title=\"22a_by_Stephan_Horber\" src=\"https:\/\/aliens-project.de\/blog\/wp-content\/uploads\/2010\/11\/22a_by_Stephan_Horber.jpg\" alt=\"\" width=\"794\" height=\"574\" srcset=\"https:\/\/aliens-project.de\/blog\/wp-content\/uploads\/2010\/11\/22a_by_Stephan_Horber.jpg 992w, https:\/\/aliens-project.de\/blog\/wp-content\/uploads\/2010\/11\/22a_by_Stephan_Horber-300x216.jpg 300w\" sizes=\"auto, (max-width: 794px) 100vw, 794px\" \/><\/a><\/p>\n<\/div>\n<div>\n<p><a href=\"https:\/\/aliens-project.de\/blog\/wp-content\/uploads\/2010\/11\/B071699_by_Paul_Santek.jpg\"><img loading=\"lazy\" decoding=\"async\" data-attachment-id=\"10727\" data-permalink=\"https:\/\/aliens-project.de\/blog\/2010\/11\/17\/06-november-2010-ambient-art-festival-innsbruck-2\/_b071699_by_paul_santek\/\" data-orig-file=\"https:\/\/aliens-project.de\/blog\/wp-content\/uploads\/2010\/11\/B071699_by_Paul_Santek.jpg\" data-orig-size=\"792,992\" data-comments-opened=\"1\" data-image-meta=\"{&quot;aperture&quot;:&quot;0&quot;,&quot;credit&quot;:&quot;&quot;,&quot;camera&quot;:&quot;&quot;,&quot;caption&quot;:&quot;&quot;,&quot;created_timestamp&quot;:&quot;0&quot;,&quot;copyright&quot;:&quot;&quot;,&quot;focal_length&quot;:&quot;0&quot;,&quot;iso&quot;:&quot;0&quot;,&quot;shutter_speed&quot;:&quot;0&quot;,&quot;title&quot;:&quot;&quot;}\" data-image-title=\"_B071699_by_Paul_Santek\" data-image-description=\"\" data-image-caption=\"\" data-large-file=\"https:\/\/aliens-project.de\/blog\/wp-content\/uploads\/2010\/11\/B071699_by_Paul_Santek.jpg\" class=\"alignleft size-full wp-image-10727\" title=\"_B071699_by_Paul_Santek\" src=\"https:\/\/aliens-project.de\/blog\/wp-content\/uploads\/2010\/11\/B071699_by_Paul_Santek.jpg\" alt=\"\" width=\"634\" height=\"794\" srcset=\"https:\/\/aliens-project.de\/blog\/wp-content\/uploads\/2010\/11\/B071699_by_Paul_Santek.jpg 792w, https:\/\/aliens-project.de\/blog\/wp-content\/uploads\/2010\/11\/B071699_by_Paul_Santek-239x300.jpg 239w\" sizes=\"auto, (max-width: 634px) 100vw, 634px\" \/><\/a><\/p>\n<\/div>\n<div>\n<p><a href=\"https:\/\/aliens-project.de\/blog\/wp-content\/uploads\/2010\/11\/B061501_by_Paul_Santek.jpg\"><img loading=\"lazy\" decoding=\"async\" data-attachment-id=\"10726\" data-permalink=\"https:\/\/aliens-project.de\/blog\/2010\/11\/17\/06-november-2010-ambient-art-festival-innsbruck-2\/_b061501_by_paul_santek\/\" data-orig-file=\"https:\/\/aliens-project.de\/blog\/wp-content\/uploads\/2010\/11\/B061501_by_Paul_Santek.jpg\" data-orig-size=\"896,992\" data-comments-opened=\"1\" data-image-meta=\"{&quot;aperture&quot;:&quot;0&quot;,&quot;credit&quot;:&quot;&quot;,&quot;camera&quot;:&quot;&quot;,&quot;caption&quot;:&quot;&quot;,&quot;created_timestamp&quot;:&quot;0&quot;,&quot;copyright&quot;:&quot;&quot;,&quot;focal_length&quot;:&quot;0&quot;,&quot;iso&quot;:&quot;0&quot;,&quot;shutter_speed&quot;:&quot;0&quot;,&quot;title&quot;:&quot;&quot;}\" data-image-title=\"_B061501_by_Paul_Santek\" data-image-description=\"\" data-image-caption=\"\" data-large-file=\"https:\/\/aliens-project.de\/blog\/wp-content\/uploads\/2010\/11\/B061501_by_Paul_Santek.jpg\" class=\"alignleft size-full wp-image-10726\" title=\"_B061501_by_Paul_Santek\" src=\"https:\/\/aliens-project.de\/blog\/wp-content\/uploads\/2010\/11\/B061501_by_Paul_Santek.jpg\" alt=\"\" width=\"717\" height=\"794\" srcset=\"https:\/\/aliens-project.de\/blog\/wp-content\/uploads\/2010\/11\/B061501_by_Paul_Santek.jpg 896w, https:\/\/aliens-project.de\/blog\/wp-content\/uploads\/2010\/11\/B061501_by_Paul_Santek-270x300.jpg 270w\" sizes=\"auto, (max-width: 717px) 100vw, 717px\" \/><\/a><\/p>\n<\/div>\n<div><a href=\"https:\/\/aliens-project.de\/blog\/wp-content\/uploads\/2010\/11\/78a_by_Stephan_Horber.jpg\"><img loading=\"lazy\" decoding=\"async\" data-attachment-id=\"10730\" data-permalink=\"https:\/\/aliens-project.de\/blog\/2010\/11\/17\/06-november-2010-ambient-art-festival-innsbruck-2\/78a_by_stephan_horber\/\" data-orig-file=\"https:\/\/aliens-project.de\/blog\/wp-content\/uploads\/2010\/11\/78a_by_Stephan_Horber.jpg\" data-orig-size=\"992,717\" data-comments-opened=\"1\" data-image-meta=\"{&quot;aperture&quot;:&quot;0&quot;,&quot;credit&quot;:&quot;&quot;,&quot;camera&quot;:&quot;&quot;,&quot;caption&quot;:&quot;&quot;,&quot;created_timestamp&quot;:&quot;0&quot;,&quot;copyright&quot;:&quot;&quot;,&quot;focal_length&quot;:&quot;0&quot;,&quot;iso&quot;:&quot;0&quot;,&quot;shutter_speed&quot;:&quot;0&quot;,&quot;title&quot;:&quot;&quot;}\" data-image-title=\"78a_by_Stephan_Horber\" data-image-description=\"\" data-image-caption=\"\" data-large-file=\"https:\/\/aliens-project.de\/blog\/wp-content\/uploads\/2010\/11\/78a_by_Stephan_Horber.jpg\" class=\"alignleft size-full wp-image-10730\" title=\"78a_by_Stephan_Horber\" src=\"https:\/\/aliens-project.de\/blog\/wp-content\/uploads\/2010\/11\/78a_by_Stephan_Horber.jpg\" alt=\"\" width=\"794\" height=\"574\" srcset=\"https:\/\/aliens-project.de\/blog\/wp-content\/uploads\/2010\/11\/78a_by_Stephan_Horber.jpg 992w, https:\/\/aliens-project.de\/blog\/wp-content\/uploads\/2010\/11\/78a_by_Stephan_Horber-300x216.jpg 300w\" sizes=\"auto, (max-width: 794px) 100vw, 794px\" \/><\/a>Mehr Bilder in der Gallerie:<a href=\"https:\/\/aliens-project.de\/blog\/wp-content\/uploads\/2010\/11\/80a_by_Stephan_Horber.jpg\"><\/a><\/div>\n<div class=\"tiled-gallery type-rectangular tiled-gallery-unresized\" data-original-width=\"500\" data-carousel-extra='{&quot;blog_id&quot;:1,&quot;permalink&quot;:&quot;https:\\\/\\\/aliens-project.de\\\/blog\\\/2010\\\/11\\\/17\\\/06-november-2010-ambient-art-festival-innsbruck-2\\\/&quot;,&quot;likes_blog_id&quot;:44851898}' itemscope itemtype=\"http:\/\/schema.org\/ImageGallery\" > <div class=\"gallery-row\" style=\"width: 500px; height: 371px;\" data-original-width=\"500\" data-original-height=\"371\" > <div class=\"gallery-group images-2\" style=\"width: 203px; height: 371px;\" data-original-width=\"203\" data-original-height=\"371\" > <div class=\"tiled-gallery-item tiled-gallery-item-small\" itemprop=\"associatedMedia\" itemscope itemtype=\"http:\/\/schema.org\/ImageObject\"> <a href=\"https:\/\/aliens-project.de\/blog\/2010\/11\/17\/06-november-2010-ambient-art-festival-innsbruck-2\/80a_by_stephan_horber\/\" border=\"0\" itemprop=\"url\"> <meta itemprop=\"width\" content=\"199\"> <meta itemprop=\"height\" content=\"143\"> <img decoding=\"async\" class=\"\" data-attachment-id=\"10725\" data-orig-file=\"https:\/\/aliens-project.de\/blog\/wp-content\/uploads\/2010\/11\/80a_by_Stephan_Horber.jpg\" data-orig-size=\"992,717\" data-comments-opened=\"1\" data-image-meta=\"{&quot;aperture&quot;:&quot;0&quot;,&quot;credit&quot;:&quot;&quot;,&quot;camera&quot;:&quot;&quot;,&quot;caption&quot;:&quot;&quot;,&quot;created_timestamp&quot;:&quot;0&quot;,&quot;copyright&quot;:&quot;&quot;,&quot;focal_length&quot;:&quot;0&quot;,&quot;iso&quot;:&quot;0&quot;,&quot;shutter_speed&quot;:&quot;0&quot;,&quot;title&quot;:&quot;&quot;}\" data-image-title=\"80a_by_Stephan_Horber\" data-image-description=\"\" data-medium-file=\"https:\/\/aliens-project.de\/blog\/wp-content\/uploads\/2010\/11\/80a_by_Stephan_Horber-300x216.jpg\" data-large-file=\"https:\/\/aliens-project.de\/blog\/wp-content\/uploads\/2010\/11\/80a_by_Stephan_Horber.jpg\" src=\"https:\/\/i0.wp.com\/aliens-project.de\/blog\/wp-content\/uploads\/2010\/11\/80a_by_Stephan_Horber.jpg?w=199&#038;h=143&#038;ssl=1\" srcset=\"https:\/\/aliens-project.de\/blog\/wp-content\/uploads\/2010\/11\/80a_by_Stephan_Horber.jpg 992w, https:\/\/aliens-project.de\/blog\/wp-content\/uploads\/2010\/11\/80a_by_Stephan_Horber-300x216.jpg 300w\" width=\"199\" height=\"143\" loading=\"lazy\" data-original-width=\"199\" data-original-height=\"143\" itemprop=\"http:\/\/schema.org\/image\" title=\"80a_by_Stephan_Horber\" alt=\"80a_by_Stephan_Horber\" style=\"width: 199px; height: 143px;\" \/> <\/a> <\/div> <div class=\"tiled-gallery-item tiled-gallery-item-small\" itemprop=\"associatedMedia\" itemscope itemtype=\"http:\/\/schema.org\/ImageObject\"> <a href=\"https:\/\/aliens-project.de\/blog\/2010\/11\/17\/06-november-2010-ambient-art-festival-innsbruck-2\/_b061501_by_paul_santek\/\" border=\"0\" itemprop=\"url\"> <meta itemprop=\"width\" content=\"199\"> <meta itemprop=\"height\" content=\"220\"> <img decoding=\"async\" class=\"\" data-attachment-id=\"10726\" data-orig-file=\"https:\/\/aliens-project.de\/blog\/wp-content\/uploads\/2010\/11\/B061501_by_Paul_Santek.jpg\" data-orig-size=\"896,992\" data-comments-opened=\"1\" data-image-meta=\"{&quot;aperture&quot;:&quot;0&quot;,&quot;credit&quot;:&quot;&quot;,&quot;camera&quot;:&quot;&quot;,&quot;caption&quot;:&quot;&quot;,&quot;created_timestamp&quot;:&quot;0&quot;,&quot;copyright&quot;:&quot;&quot;,&quot;focal_length&quot;:&quot;0&quot;,&quot;iso&quot;:&quot;0&quot;,&quot;shutter_speed&quot;:&quot;0&quot;,&quot;title&quot;:&quot;&quot;}\" data-image-title=\"_B061501_by_Paul_Santek\" data-image-description=\"\" data-medium-file=\"https:\/\/aliens-project.de\/blog\/wp-content\/uploads\/2010\/11\/B061501_by_Paul_Santek-270x300.jpg\" data-large-file=\"https:\/\/aliens-project.de\/blog\/wp-content\/uploads\/2010\/11\/B061501_by_Paul_Santek.jpg\" src=\"https:\/\/i0.wp.com\/aliens-project.de\/blog\/wp-content\/uploads\/2010\/11\/B061501_by_Paul_Santek.jpg?w=199&#038;h=220&#038;ssl=1\" srcset=\"https:\/\/aliens-project.de\/blog\/wp-content\/uploads\/2010\/11\/B061501_by_Paul_Santek.jpg 896w, https:\/\/aliens-project.de\/blog\/wp-content\/uploads\/2010\/11\/B061501_by_Paul_Santek-270x300.jpg 270w\" width=\"199\" height=\"220\" loading=\"lazy\" data-original-width=\"199\" data-original-height=\"220\" itemprop=\"http:\/\/schema.org\/image\" title=\"_B061501_by_Paul_Santek\" alt=\"_B061501_by_Paul_Santek\" style=\"width: 199px; height: 220px;\" \/> <\/a> <\/div> <\/div> <!-- close group --> <div class=\"gallery-group images-1\" style=\"width: 297px; height: 371px;\" data-original-width=\"297\" data-original-height=\"371\" > <div class=\"tiled-gallery-item tiled-gallery-item-large\" itemprop=\"associatedMedia\" itemscope itemtype=\"http:\/\/schema.org\/ImageObject\"> <a href=\"https:\/\/aliens-project.de\/blog\/2010\/11\/17\/06-november-2010-ambient-art-festival-innsbruck-2\/_b071699_by_paul_santek\/\" border=\"0\" itemprop=\"url\"> <meta itemprop=\"width\" content=\"293\"> <meta itemprop=\"height\" content=\"367\"> <img decoding=\"async\" class=\"\" data-attachment-id=\"10727\" data-orig-file=\"https:\/\/aliens-project.de\/blog\/wp-content\/uploads\/2010\/11\/B071699_by_Paul_Santek.jpg\" data-orig-size=\"792,992\" data-comments-opened=\"1\" data-image-meta=\"{&quot;aperture&quot;:&quot;0&quot;,&quot;credit&quot;:&quot;&quot;,&quot;camera&quot;:&quot;&quot;,&quot;caption&quot;:&quot;&quot;,&quot;created_timestamp&quot;:&quot;0&quot;,&quot;copyright&quot;:&quot;&quot;,&quot;focal_length&quot;:&quot;0&quot;,&quot;iso&quot;:&quot;0&quot;,&quot;shutter_speed&quot;:&quot;0&quot;,&quot;title&quot;:&quot;&quot;}\" data-image-title=\"_B071699_by_Paul_Santek\" data-image-description=\"\" data-medium-file=\"https:\/\/aliens-project.de\/blog\/wp-content\/uploads\/2010\/11\/B071699_by_Paul_Santek-239x300.jpg\" data-large-file=\"https:\/\/aliens-project.de\/blog\/wp-content\/uploads\/2010\/11\/B071699_by_Paul_Santek.jpg\" src=\"https:\/\/i0.wp.com\/aliens-project.de\/blog\/wp-content\/uploads\/2010\/11\/B071699_by_Paul_Santek.jpg?w=293&#038;h=367&#038;ssl=1\" srcset=\"https:\/\/aliens-project.de\/blog\/wp-content\/uploads\/2010\/11\/B071699_by_Paul_Santek.jpg 792w, https:\/\/aliens-project.de\/blog\/wp-content\/uploads\/2010\/11\/B071699_by_Paul_Santek-239x300.jpg 239w\" width=\"293\" height=\"367\" loading=\"lazy\" data-original-width=\"293\" data-original-height=\"367\" itemprop=\"http:\/\/schema.org\/image\" title=\"_B071699_by_Paul_Santek\" alt=\"_B071699_by_Paul_Santek\" style=\"width: 293px; height: 367px;\" \/> <\/a> <\/div> <\/div> <!-- close group --> <\/div> <!-- close row --> <div class=\"gallery-row\" style=\"width: 500px; height: 242px;\" data-original-width=\"500\" data-original-height=\"242\" > <div class=\"gallery-group images-1\" style=\"width: 334px; height: 242px;\" data-original-width=\"334\" data-original-height=\"242\" > <div class=\"tiled-gallery-item tiled-gallery-item-large\" itemprop=\"associatedMedia\" itemscope itemtype=\"http:\/\/schema.org\/ImageObject\"> <a href=\"https:\/\/aliens-project.de\/blog\/2010\/11\/17\/06-november-2010-ambient-art-festival-innsbruck-2\/22a_by_stephan_horber\/\" border=\"0\" itemprop=\"url\"> <meta itemprop=\"width\" content=\"330\"> <meta itemprop=\"height\" content=\"238\"> <img decoding=\"async\" class=\"\" data-attachment-id=\"10728\" data-orig-file=\"https:\/\/aliens-project.de\/blog\/wp-content\/uploads\/2010\/11\/22a_by_Stephan_Horber.jpg\" data-orig-size=\"992,717\" data-comments-opened=\"1\" data-image-meta=\"{&quot;aperture&quot;:&quot;0&quot;,&quot;credit&quot;:&quot;&quot;,&quot;camera&quot;:&quot;&quot;,&quot;caption&quot;:&quot;&quot;,&quot;created_timestamp&quot;:&quot;0&quot;,&quot;copyright&quot;:&quot;&quot;,&quot;focal_length&quot;:&quot;0&quot;,&quot;iso&quot;:&quot;0&quot;,&quot;shutter_speed&quot;:&quot;0&quot;,&quot;title&quot;:&quot;&quot;}\" data-image-title=\"22a_by_Stephan_Horber\" data-image-description=\"\" data-medium-file=\"https:\/\/aliens-project.de\/blog\/wp-content\/uploads\/2010\/11\/22a_by_Stephan_Horber-300x216.jpg\" data-large-file=\"https:\/\/aliens-project.de\/blog\/wp-content\/uploads\/2010\/11\/22a_by_Stephan_Horber.jpg\" src=\"https:\/\/i0.wp.com\/aliens-project.de\/blog\/wp-content\/uploads\/2010\/11\/22a_by_Stephan_Horber.jpg?w=330&#038;h=238&#038;ssl=1\" srcset=\"https:\/\/aliens-project.de\/blog\/wp-content\/uploads\/2010\/11\/22a_by_Stephan_Horber.jpg 992w, https:\/\/aliens-project.de\/blog\/wp-content\/uploads\/2010\/11\/22a_by_Stephan_Horber-300x216.jpg 300w\" width=\"330\" height=\"238\" loading=\"lazy\" data-original-width=\"330\" data-original-height=\"238\" itemprop=\"http:\/\/schema.org\/image\" title=\"22a_by_Stephan_Horber\" alt=\"22a_by_Stephan_Horber\" style=\"width: 330px; height: 238px;\" \/> <\/a> <\/div> <\/div> <!-- close group --> <div class=\"gallery-group images-2\" style=\"width: 166px; height: 242px;\" data-original-width=\"166\" data-original-height=\"242\" > <div class=\"tiled-gallery-item tiled-gallery-item-small\" itemprop=\"associatedMedia\" itemscope itemtype=\"http:\/\/schema.org\/ImageObject\"> <a href=\"https:\/\/aliens-project.de\/blog\/2010\/11\/17\/06-november-2010-ambient-art-festival-innsbruck-2\/67a_by_stephan_horber\/\" border=\"0\" itemprop=\"url\"> <meta itemprop=\"width\" content=\"162\"> <meta itemprop=\"height\" content=\"117\"> <img decoding=\"async\" class=\"\" data-attachment-id=\"10729\" data-orig-file=\"https:\/\/aliens-project.de\/blog\/wp-content\/uploads\/2010\/11\/67a_by_Stephan_Horber.jpg\" data-orig-size=\"992,717\" data-comments-opened=\"1\" data-image-meta=\"{&quot;aperture&quot;:&quot;0&quot;,&quot;credit&quot;:&quot;&quot;,&quot;camera&quot;:&quot;&quot;,&quot;caption&quot;:&quot;&quot;,&quot;created_timestamp&quot;:&quot;0&quot;,&quot;copyright&quot;:&quot;&quot;,&quot;focal_length&quot;:&quot;0&quot;,&quot;iso&quot;:&quot;0&quot;,&quot;shutter_speed&quot;:&quot;0&quot;,&quot;title&quot;:&quot;&quot;}\" data-image-title=\"67a_by_Stephan_Horber\" data-image-description=\"\" data-medium-file=\"https:\/\/aliens-project.de\/blog\/wp-content\/uploads\/2010\/11\/67a_by_Stephan_Horber-300x216.jpg\" data-large-file=\"https:\/\/aliens-project.de\/blog\/wp-content\/uploads\/2010\/11\/67a_by_Stephan_Horber.jpg\" src=\"https:\/\/i0.wp.com\/aliens-project.de\/blog\/wp-content\/uploads\/2010\/11\/67a_by_Stephan_Horber.jpg?w=162&#038;h=117&#038;ssl=1\" srcset=\"https:\/\/aliens-project.de\/blog\/wp-content\/uploads\/2010\/11\/67a_by_Stephan_Horber.jpg 992w, https:\/\/aliens-project.de\/blog\/wp-content\/uploads\/2010\/11\/67a_by_Stephan_Horber-300x216.jpg 300w\" width=\"162\" height=\"117\" loading=\"lazy\" data-original-width=\"162\" data-original-height=\"117\" itemprop=\"http:\/\/schema.org\/image\" title=\"67a_by_Stephan_Horber\" alt=\"67a_by_Stephan_Horber\" style=\"width: 162px; height: 117px;\" \/> <\/a> <\/div> <div class=\"tiled-gallery-item tiled-gallery-item-small\" itemprop=\"associatedMedia\" itemscope itemtype=\"http:\/\/schema.org\/ImageObject\"> <a href=\"https:\/\/aliens-project.de\/blog\/2010\/11\/17\/06-november-2010-ambient-art-festival-innsbruck-2\/78a_by_stephan_horber\/\" border=\"0\" itemprop=\"url\"> <meta itemprop=\"width\" content=\"162\"> <meta itemprop=\"height\" content=\"117\"> <img decoding=\"async\" class=\"\" data-attachment-id=\"10730\" data-orig-file=\"https:\/\/aliens-project.de\/blog\/wp-content\/uploads\/2010\/11\/78a_by_Stephan_Horber.jpg\" data-orig-size=\"992,717\" data-comments-opened=\"1\" data-image-meta=\"{&quot;aperture&quot;:&quot;0&quot;,&quot;credit&quot;:&quot;&quot;,&quot;camera&quot;:&quot;&quot;,&quot;caption&quot;:&quot;&quot;,&quot;created_timestamp&quot;:&quot;0&quot;,&quot;copyright&quot;:&quot;&quot;,&quot;focal_length&quot;:&quot;0&quot;,&quot;iso&quot;:&quot;0&quot;,&quot;shutter_speed&quot;:&quot;0&quot;,&quot;title&quot;:&quot;&quot;}\" data-image-title=\"78a_by_Stephan_Horber\" data-image-description=\"\" data-medium-file=\"https:\/\/aliens-project.de\/blog\/wp-content\/uploads\/2010\/11\/78a_by_Stephan_Horber-300x216.jpg\" data-large-file=\"https:\/\/aliens-project.de\/blog\/wp-content\/uploads\/2010\/11\/78a_by_Stephan_Horber.jpg\" src=\"https:\/\/i0.wp.com\/aliens-project.de\/blog\/wp-content\/uploads\/2010\/11\/78a_by_Stephan_Horber.jpg?w=162&#038;h=117&#038;ssl=1\" srcset=\"https:\/\/aliens-project.de\/blog\/wp-content\/uploads\/2010\/11\/78a_by_Stephan_Horber.jpg 992w, https:\/\/aliens-project.de\/blog\/wp-content\/uploads\/2010\/11\/78a_by_Stephan_Horber-300x216.jpg 300w\" width=\"162\" height=\"117\" loading=\"lazy\" data-original-width=\"162\" data-original-height=\"117\" itemprop=\"http:\/\/schema.org\/image\" title=\"78a_by_Stephan_Horber\" alt=\"78a_by_Stephan_Horber\" style=\"width: 162px; height: 117px;\" \/> <\/a> <\/div> <\/div> <!-- close group --> <\/div> <!-- close row --> <div class=\"gallery-row\" style=\"width: 500px; height: 142px;\" data-original-width=\"500\" data-original-height=\"142\" > <div class=\"gallery-group images-1\" style=\"width: 250px; height: 142px;\" data-original-width=\"250\" data-original-height=\"142\" > <div class=\"tiled-gallery-item tiled-gallery-item-small\" itemprop=\"associatedMedia\" itemscope itemtype=\"http:\/\/schema.org\/ImageObject\"> <a href=\"https:\/\/aliens-project.de\/blog\/2010\/11\/17\/06-november-2010-ambient-art-festival-innsbruck-2\/harry-triendl-04\/\" border=\"0\" itemprop=\"url\"> <meta itemprop=\"width\" content=\"246\"> <meta itemprop=\"height\" content=\"138\"> <img decoding=\"async\" class=\"\" data-attachment-id=\"10734\" data-orig-file=\"https:\/\/aliens-project.de\/blog\/wp-content\/uploads\/2010\/11\/Harry-Triendl-04.jpg\" data-orig-size=\"720,405\" data-comments-opened=\"1\" data-image-meta=\"{&quot;aperture&quot;:&quot;0&quot;,&quot;credit&quot;:&quot;&quot;,&quot;camera&quot;:&quot;&quot;,&quot;caption&quot;:&quot;&quot;,&quot;created_timestamp&quot;:&quot;0&quot;,&quot;copyright&quot;:&quot;&quot;,&quot;focal_length&quot;:&quot;0&quot;,&quot;iso&quot;:&quot;0&quot;,&quot;shutter_speed&quot;:&quot;0&quot;,&quot;title&quot;:&quot;&quot;}\" data-image-title=\"Harry Triendl-04\" data-image-description=\"\" data-medium-file=\"https:\/\/aliens-project.de\/blog\/wp-content\/uploads\/2010\/11\/Harry-Triendl-04-300x168.jpg\" data-large-file=\"https:\/\/aliens-project.de\/blog\/wp-content\/uploads\/2010\/11\/Harry-Triendl-04.jpg\" src=\"https:\/\/i0.wp.com\/aliens-project.de\/blog\/wp-content\/uploads\/2010\/11\/Harry-Triendl-04.jpg?w=246&#038;h=138&#038;ssl=1\" srcset=\"https:\/\/aliens-project.de\/blog\/wp-content\/uploads\/2010\/11\/Harry-Triendl-04.jpg 720w, https:\/\/aliens-project.de\/blog\/wp-content\/uploads\/2010\/11\/Harry-Triendl-04-300x168.jpg 300w\" width=\"246\" height=\"138\" loading=\"lazy\" data-original-width=\"246\" data-original-height=\"138\" itemprop=\"http:\/\/schema.org\/image\" title=\"Harry Triendl-04\" alt=\"Harry Triendl-04\" style=\"width: 246px; height: 138px;\" \/> <\/a> <\/div> <\/div> <!-- close group --> <div class=\"gallery-group images-1\" style=\"width: 250px; height: 142px;\" data-original-width=\"250\" data-original-height=\"142\" > <div class=\"tiled-gallery-item tiled-gallery-item-small\" itemprop=\"associatedMedia\" itemscope itemtype=\"http:\/\/schema.org\/ImageObject\"> <a href=\"https:\/\/aliens-project.de\/blog\/2010\/11\/17\/06-november-2010-ambient-art-festival-innsbruck-2\/harry-triendl-01\/\" border=\"0\" itemprop=\"url\"> <meta itemprop=\"width\" content=\"246\"> <meta itemprop=\"height\" content=\"138\"> <img decoding=\"async\" class=\"\" data-attachment-id=\"10735\" data-orig-file=\"https:\/\/aliens-project.de\/blog\/wp-content\/uploads\/2010\/11\/Harry-Triendl-01.jpg\" data-orig-size=\"720,405\" data-comments-opened=\"1\" data-image-meta=\"{&quot;aperture&quot;:&quot;0&quot;,&quot;credit&quot;:&quot;&quot;,&quot;camera&quot;:&quot;&quot;,&quot;caption&quot;:&quot;&quot;,&quot;created_timestamp&quot;:&quot;0&quot;,&quot;copyright&quot;:&quot;&quot;,&quot;focal_length&quot;:&quot;0&quot;,&quot;iso&quot;:&quot;0&quot;,&quot;shutter_speed&quot;:&quot;0&quot;,&quot;title&quot;:&quot;&quot;}\" data-image-title=\"Harry Triendl-01\" data-image-description=\"\" data-medium-file=\"https:\/\/aliens-project.de\/blog\/wp-content\/uploads\/2010\/11\/Harry-Triendl-01-300x168.jpg\" data-large-file=\"https:\/\/aliens-project.de\/blog\/wp-content\/uploads\/2010\/11\/Harry-Triendl-01.jpg\" src=\"https:\/\/i0.wp.com\/aliens-project.de\/blog\/wp-content\/uploads\/2010\/11\/Harry-Triendl-01.jpg?w=246&#038;h=138&#038;ssl=1\" srcset=\"https:\/\/aliens-project.de\/blog\/wp-content\/uploads\/2010\/11\/Harry-Triendl-01.jpg 720w, https:\/\/aliens-project.de\/blog\/wp-content\/uploads\/2010\/11\/Harry-Triendl-01-300x168.jpg 300w\" width=\"246\" height=\"138\" loading=\"lazy\" data-original-width=\"246\" data-original-height=\"138\" itemprop=\"http:\/\/schema.org\/image\" title=\"Harry Triendl-01\" alt=\"Harry Triendl-01\" style=\"width: 246px; height: 138px;\" \/> <\/a> <\/div> <\/div> <!-- close group --> <\/div> <!-- close row --> <div class=\"gallery-row\" style=\"width: 500px; height: 142px;\" data-original-width=\"500\" data-original-height=\"142\" > <div class=\"gallery-group images-1\" style=\"width: 250px; height: 142px;\" data-original-width=\"250\" data-original-height=\"142\" > <div class=\"tiled-gallery-item tiled-gallery-item-small\" itemprop=\"associatedMedia\" itemscope itemtype=\"http:\/\/schema.org\/ImageObject\"> <a href=\"https:\/\/aliens-project.de\/blog\/2010\/11\/17\/06-november-2010-ambient-art-festival-innsbruck-2\/harry-triendl-02\/\" border=\"0\" itemprop=\"url\"> <meta itemprop=\"width\" content=\"246\"> <meta itemprop=\"height\" content=\"138\"> <img decoding=\"async\" class=\"\" data-attachment-id=\"10736\" data-orig-file=\"https:\/\/aliens-project.de\/blog\/wp-content\/uploads\/2010\/11\/Harry-Triendl-02.jpg\" data-orig-size=\"720,405\" data-comments-opened=\"1\" data-image-meta=\"{&quot;aperture&quot;:&quot;0&quot;,&quot;credit&quot;:&quot;&quot;,&quot;camera&quot;:&quot;&quot;,&quot;caption&quot;:&quot;&quot;,&quot;created_timestamp&quot;:&quot;0&quot;,&quot;copyright&quot;:&quot;&quot;,&quot;focal_length&quot;:&quot;0&quot;,&quot;iso&quot;:&quot;0&quot;,&quot;shutter_speed&quot;:&quot;0&quot;,&quot;title&quot;:&quot;&quot;}\" data-image-title=\"Harry Triendl-02\" data-image-description=\"\" data-medium-file=\"https:\/\/aliens-project.de\/blog\/wp-content\/uploads\/2010\/11\/Harry-Triendl-02-300x168.jpg\" data-large-file=\"https:\/\/aliens-project.de\/blog\/wp-content\/uploads\/2010\/11\/Harry-Triendl-02.jpg\" src=\"https:\/\/i0.wp.com\/aliens-project.de\/blog\/wp-content\/uploads\/2010\/11\/Harry-Triendl-02.jpg?w=246&#038;h=138&#038;ssl=1\" srcset=\"https:\/\/aliens-project.de\/blog\/wp-content\/uploads\/2010\/11\/Harry-Triendl-02.jpg 720w, https:\/\/aliens-project.de\/blog\/wp-content\/uploads\/2010\/11\/Harry-Triendl-02-300x168.jpg 300w\" width=\"246\" height=\"138\" loading=\"lazy\" data-original-width=\"246\" data-original-height=\"138\" itemprop=\"http:\/\/schema.org\/image\" title=\"Harry Triendl-02\" alt=\"Harry Triendl-02\" style=\"width: 246px; height: 138px;\" \/> <\/a> <\/div> <\/div> <!-- close group --> <div class=\"gallery-group images-1\" style=\"width: 250px; height: 142px;\" data-original-width=\"250\" data-original-height=\"142\" > <div class=\"tiled-gallery-item tiled-gallery-item-small\" itemprop=\"associatedMedia\" itemscope itemtype=\"http:\/\/schema.org\/ImageObject\"> <a href=\"https:\/\/aliens-project.de\/blog\/2010\/11\/17\/06-november-2010-ambient-art-festival-innsbruck-2\/harry-triendl-03\/\" border=\"0\" itemprop=\"url\"> <meta itemprop=\"width\" content=\"246\"> <meta itemprop=\"height\" content=\"138\"> <img decoding=\"async\" class=\"\" data-attachment-id=\"10737\" data-orig-file=\"https:\/\/aliens-project.de\/blog\/wp-content\/uploads\/2010\/11\/Harry-Triendl-03.jpg\" data-orig-size=\"720,405\" data-comments-opened=\"1\" data-image-meta=\"{&quot;aperture&quot;:&quot;0&quot;,&quot;credit&quot;:&quot;&quot;,&quot;camera&quot;:&quot;&quot;,&quot;caption&quot;:&quot;&quot;,&quot;created_timestamp&quot;:&quot;0&quot;,&quot;copyright&quot;:&quot;&quot;,&quot;focal_length&quot;:&quot;0&quot;,&quot;iso&quot;:&quot;0&quot;,&quot;shutter_speed&quot;:&quot;0&quot;,&quot;title&quot;:&quot;&quot;}\" data-image-title=\"Harry Triendl-03\" data-image-description=\"\" data-medium-file=\"https:\/\/aliens-project.de\/blog\/wp-content\/uploads\/2010\/11\/Harry-Triendl-03-300x168.jpg\" data-large-file=\"https:\/\/aliens-project.de\/blog\/wp-content\/uploads\/2010\/11\/Harry-Triendl-03.jpg\" src=\"https:\/\/i0.wp.com\/aliens-project.de\/blog\/wp-content\/uploads\/2010\/11\/Harry-Triendl-03.jpg?w=246&#038;h=138&#038;ssl=1\" srcset=\"https:\/\/aliens-project.de\/blog\/wp-content\/uploads\/2010\/11\/Harry-Triendl-03.jpg 720w, https:\/\/aliens-project.de\/blog\/wp-content\/uploads\/2010\/11\/Harry-Triendl-03-300x168.jpg 300w\" width=\"246\" height=\"138\" loading=\"lazy\" data-original-width=\"246\" data-original-height=\"138\" itemprop=\"http:\/\/schema.org\/image\" title=\"Harry Triendl-03\" alt=\"Harry Triendl-03\" style=\"width: 246px; height: 138px;\" \/> <\/a> <\/div> <\/div> <!-- close group --> <\/div> <!-- close row --> <div class=\"gallery-row\" style=\"width: 500px; height: 154px;\" data-original-width=\"500\" data-original-height=\"154\" > <div class=\"gallery-group images-1\" style=\"width: 128px; height: 154px;\" data-original-width=\"128\" data-original-height=\"154\" > <div class=\"tiled-gallery-item tiled-gallery-item-small\" itemprop=\"associatedMedia\" itemscope itemtype=\"http:\/\/schema.org\/ImageObject\"> <a href=\"https:\/\/aliens-project.de\/blog\/2010\/11\/17\/06-november-2010-ambient-art-festival-innsbruck-2\/paul-santek-04\/\" border=\"0\" itemprop=\"url\"> <meta itemprop=\"width\" content=\"124\"> <meta itemprop=\"height\" content=\"150\"> <img decoding=\"async\" class=\"\" data-attachment-id=\"10738\" data-orig-file=\"https:\/\/aliens-project.de\/blog\/wp-content\/uploads\/2010\/11\/Paul-Santek-04.jpg\" data-orig-size=\"593,720\" data-comments-opened=\"1\" data-image-meta=\"{&quot;aperture&quot;:&quot;0&quot;,&quot;credit&quot;:&quot;&quot;,&quot;camera&quot;:&quot;&quot;,&quot;caption&quot;:&quot;&quot;,&quot;created_timestamp&quot;:&quot;0&quot;,&quot;copyright&quot;:&quot;&quot;,&quot;focal_length&quot;:&quot;0&quot;,&quot;iso&quot;:&quot;0&quot;,&quot;shutter_speed&quot;:&quot;0&quot;,&quot;title&quot;:&quot;&quot;}\" data-image-title=\"Paul Santek-04\" data-image-description=\"\" data-medium-file=\"https:\/\/aliens-project.de\/blog\/wp-content\/uploads\/2010\/11\/Paul-Santek-04-247x300.jpg\" data-large-file=\"https:\/\/aliens-project.de\/blog\/wp-content\/uploads\/2010\/11\/Paul-Santek-04.jpg\" src=\"https:\/\/i0.wp.com\/aliens-project.de\/blog\/wp-content\/uploads\/2010\/11\/Paul-Santek-04.jpg?w=124&#038;h=150&#038;ssl=1\" srcset=\"https:\/\/aliens-project.de\/blog\/wp-content\/uploads\/2010\/11\/Paul-Santek-04.jpg 593w, https:\/\/aliens-project.de\/blog\/wp-content\/uploads\/2010\/11\/Paul-Santek-04-247x300.jpg 247w\" width=\"124\" height=\"150\" loading=\"lazy\" data-original-width=\"124\" data-original-height=\"150\" itemprop=\"http:\/\/schema.org\/image\" title=\"Paul Santek-04\" alt=\"Paul Santek-04\" style=\"width: 124px; height: 150px;\" \/> <\/a> <\/div> <\/div> <!-- close group --> <div class=\"gallery-group images-1\" style=\"width: 372px; height: 154px;\" data-original-width=\"372\" data-original-height=\"154\" > <div class=\"tiled-gallery-item tiled-gallery-item-large\" itemprop=\"associatedMedia\" itemscope itemtype=\"http:\/\/schema.org\/ImageObject\"> <a href=\"https:\/\/aliens-project.de\/blog\/2010\/11\/17\/06-november-2010-ambient-art-festival-innsbruck-2\/paul-santek-01\/\" border=\"0\" itemprop=\"url\"> <meta itemprop=\"width\" content=\"368\"> <meta itemprop=\"height\" content=\"150\"> <img decoding=\"async\" class=\"\" data-attachment-id=\"10739\" data-orig-file=\"https:\/\/aliens-project.de\/blog\/wp-content\/uploads\/2010\/11\/Paul-Santek-01.jpg\" data-orig-size=\"720,293\" data-comments-opened=\"1\" data-image-meta=\"{&quot;aperture&quot;:&quot;0&quot;,&quot;credit&quot;:&quot;&quot;,&quot;camera&quot;:&quot;&quot;,&quot;caption&quot;:&quot;&quot;,&quot;created_timestamp&quot;:&quot;0&quot;,&quot;copyright&quot;:&quot;&quot;,&quot;focal_length&quot;:&quot;0&quot;,&quot;iso&quot;:&quot;0&quot;,&quot;shutter_speed&quot;:&quot;0&quot;,&quot;title&quot;:&quot;&quot;}\" data-image-title=\"Paul Santek-01\" data-image-description=\"\" data-medium-file=\"https:\/\/aliens-project.de\/blog\/wp-content\/uploads\/2010\/11\/Paul-Santek-01-300x122.jpg\" data-large-file=\"https:\/\/aliens-project.de\/blog\/wp-content\/uploads\/2010\/11\/Paul-Santek-01.jpg\" src=\"https:\/\/i0.wp.com\/aliens-project.de\/blog\/wp-content\/uploads\/2010\/11\/Paul-Santek-01.jpg?w=368&#038;h=150&#038;ssl=1\" srcset=\"https:\/\/aliens-project.de\/blog\/wp-content\/uploads\/2010\/11\/Paul-Santek-01.jpg 720w, https:\/\/aliens-project.de\/blog\/wp-content\/uploads\/2010\/11\/Paul-Santek-01-300x122.jpg 300w\" width=\"368\" height=\"150\" loading=\"lazy\" data-original-width=\"368\" data-original-height=\"150\" itemprop=\"http:\/\/schema.org\/image\" title=\"Paul Santek-01\" alt=\"Paul Santek-01\" style=\"width: 368px; height: 150px;\" \/> <\/a> <\/div> <\/div> <!-- close group --> <\/div> <!-- close row --> <div class=\"gallery-row\" style=\"width: 500px; height: 288px;\" data-original-width=\"500\" data-original-height=\"288\" > <div class=\"gallery-group images-1\" style=\"width: 266px; height: 288px;\" data-original-width=\"266\" data-original-height=\"288\" > <div class=\"tiled-gallery-item tiled-gallery-item-large\" itemprop=\"associatedMedia\" itemscope itemtype=\"http:\/\/schema.org\/ImageObject\"> <a href=\"https:\/\/aliens-project.de\/blog\/2010\/11\/17\/06-november-2010-ambient-art-festival-innsbruck-2\/paul-santek-02\/\" border=\"0\" itemprop=\"url\"> <meta itemprop=\"width\" content=\"262\"> <meta itemprop=\"height\" content=\"284\"> <img decoding=\"async\" class=\"\" data-attachment-id=\"10740\" data-orig-file=\"https:\/\/aliens-project.de\/blog\/wp-content\/uploads\/2010\/11\/Paul-Santek-02.jpg\" data-orig-size=\"665,720\" data-comments-opened=\"1\" data-image-meta=\"{&quot;aperture&quot;:&quot;0&quot;,&quot;credit&quot;:&quot;&quot;,&quot;camera&quot;:&quot;&quot;,&quot;caption&quot;:&quot;&quot;,&quot;created_timestamp&quot;:&quot;0&quot;,&quot;copyright&quot;:&quot;&quot;,&quot;focal_length&quot;:&quot;0&quot;,&quot;iso&quot;:&quot;0&quot;,&quot;shutter_speed&quot;:&quot;0&quot;,&quot;title&quot;:&quot;&quot;}\" data-image-title=\"Paul Santek-02\" data-image-description=\"\" data-medium-file=\"https:\/\/aliens-project.de\/blog\/wp-content\/uploads\/2010\/11\/Paul-Santek-02-277x300.jpg\" data-large-file=\"https:\/\/aliens-project.de\/blog\/wp-content\/uploads\/2010\/11\/Paul-Santek-02.jpg\" src=\"https:\/\/i0.wp.com\/aliens-project.de\/blog\/wp-content\/uploads\/2010\/11\/Paul-Santek-02.jpg?w=262&#038;h=284&#038;ssl=1\" srcset=\"https:\/\/aliens-project.de\/blog\/wp-content\/uploads\/2010\/11\/Paul-Santek-02.jpg 665w, https:\/\/aliens-project.de\/blog\/wp-content\/uploads\/2010\/11\/Paul-Santek-02-277x300.jpg 277w\" width=\"262\" height=\"284\" loading=\"lazy\" data-original-width=\"262\" data-original-height=\"284\" itemprop=\"http:\/\/schema.org\/image\" title=\"Paul Santek-02\" alt=\"Paul Santek-02\" style=\"width: 262px; height: 284px;\" \/> <\/a> <\/div> <\/div> <!-- close group --> <div class=\"gallery-group images-1\" style=\"width: 234px; height: 288px;\" data-original-width=\"234\" data-original-height=\"288\" > <div class=\"tiled-gallery-item tiled-gallery-item-small\" itemprop=\"associatedMedia\" itemscope itemtype=\"http:\/\/schema.org\/ImageObject\"> <a href=\"https:\/\/aliens-project.de\/blog\/2010\/11\/17\/06-november-2010-ambient-art-festival-innsbruck-2\/paul-santek-03\/\" border=\"0\" itemprop=\"url\"> <meta itemprop=\"width\" content=\"230\"> <meta itemprop=\"height\" content=\"284\"> <img decoding=\"async\" class=\"\" data-attachment-id=\"10741\" data-orig-file=\"https:\/\/aliens-project.de\/blog\/wp-content\/uploads\/2010\/11\/Paul-Santek-03.jpg\" data-orig-size=\"583,720\" data-comments-opened=\"1\" data-image-meta=\"{&quot;aperture&quot;:&quot;0&quot;,&quot;credit&quot;:&quot;&quot;,&quot;camera&quot;:&quot;&quot;,&quot;caption&quot;:&quot;&quot;,&quot;created_timestamp&quot;:&quot;0&quot;,&quot;copyright&quot;:&quot;&quot;,&quot;focal_length&quot;:&quot;0&quot;,&quot;iso&quot;:&quot;0&quot;,&quot;shutter_speed&quot;:&quot;0&quot;,&quot;title&quot;:&quot;&quot;}\" data-image-title=\"Paul Santek-03\" data-image-description=\"\" data-medium-file=\"https:\/\/aliens-project.de\/blog\/wp-content\/uploads\/2010\/11\/Paul-Santek-03-242x300.jpg\" data-large-file=\"https:\/\/aliens-project.de\/blog\/wp-content\/uploads\/2010\/11\/Paul-Santek-03.jpg\" src=\"https:\/\/i0.wp.com\/aliens-project.de\/blog\/wp-content\/uploads\/2010\/11\/Paul-Santek-03.jpg?w=230&#038;h=284&#038;ssl=1\" srcset=\"https:\/\/aliens-project.de\/blog\/wp-content\/uploads\/2010\/11\/Paul-Santek-03.jpg 583w, https:\/\/aliens-project.de\/blog\/wp-content\/uploads\/2010\/11\/Paul-Santek-03-242x300.jpg 242w\" width=\"230\" height=\"284\" loading=\"lazy\" data-original-width=\"230\" data-original-height=\"284\" itemprop=\"http:\/\/schema.org\/image\" title=\"Paul Santek-03\" alt=\"Paul Santek-03\" style=\"width: 230px; height: 284px;\" \/> <\/a> <\/div> <\/div> <!-- close group --> <\/div> <!-- close row --> <div class=\"gallery-row\" style=\"width: 500px; height: 223px;\" data-original-width=\"500\" data-original-height=\"223\" > <div class=\"gallery-group images-1\" style=\"width: 334px; height: 223px;\" data-original-width=\"334\" data-original-height=\"223\" > <div class=\"tiled-gallery-item tiled-gallery-item-large\" itemprop=\"associatedMedia\" itemscope itemtype=\"http:\/\/schema.org\/ImageObject\"> <a href=\"https:\/\/aliens-project.de\/blog\/2010\/11\/17\/06-november-2010-ambient-art-festival-innsbruck-2\/simon-bailey-06\/\" border=\"0\" itemprop=\"url\"> <meta itemprop=\"width\" content=\"330\"> <meta itemprop=\"height\" content=\"219\"> <img decoding=\"async\" class=\"\" data-attachment-id=\"10742\" data-orig-file=\"https:\/\/aliens-project.de\/blog\/wp-content\/uploads\/2010\/11\/Simon-Bailey-06.jpg\" data-orig-size=\"720,478\" data-comments-opened=\"1\" data-image-meta=\"{&quot;aperture&quot;:&quot;0&quot;,&quot;credit&quot;:&quot;&quot;,&quot;camera&quot;:&quot;&quot;,&quot;caption&quot;:&quot;&quot;,&quot;created_timestamp&quot;:&quot;0&quot;,&quot;copyright&quot;:&quot;&quot;,&quot;focal_length&quot;:&quot;0&quot;,&quot;iso&quot;:&quot;0&quot;,&quot;shutter_speed&quot;:&quot;0&quot;,&quot;title&quot;:&quot;&quot;}\" data-image-title=\"Simon Bailey-06\" data-image-description=\"\" data-medium-file=\"https:\/\/aliens-project.de\/blog\/wp-content\/uploads\/2010\/11\/Simon-Bailey-06-300x199.jpg\" data-large-file=\"https:\/\/aliens-project.de\/blog\/wp-content\/uploads\/2010\/11\/Simon-Bailey-06.jpg\" src=\"https:\/\/i0.wp.com\/aliens-project.de\/blog\/wp-content\/uploads\/2010\/11\/Simon-Bailey-06.jpg?w=330&#038;h=219&#038;ssl=1\" srcset=\"https:\/\/aliens-project.de\/blog\/wp-content\/uploads\/2010\/11\/Simon-Bailey-06.jpg 720w, https:\/\/aliens-project.de\/blog\/wp-content\/uploads\/2010\/11\/Simon-Bailey-06-300x199.jpg 300w\" width=\"330\" height=\"219\" loading=\"lazy\" data-original-width=\"330\" data-original-height=\"219\" itemprop=\"http:\/\/schema.org\/image\" title=\"Simon Bailey-06\" alt=\"Simon Bailey-06\" style=\"width: 330px; height: 219px;\" \/> <\/a> <\/div> <\/div> <!-- close group --> <div class=\"gallery-group images-2\" style=\"width: 166px; height: 223px;\" data-original-width=\"166\" data-original-height=\"223\" > <div class=\"tiled-gallery-item tiled-gallery-item-small\" itemprop=\"associatedMedia\" itemscope itemtype=\"http:\/\/schema.org\/ImageObject\"> <a href=\"https:\/\/aliens-project.de\/blog\/2010\/11\/17\/06-november-2010-ambient-art-festival-innsbruck-2\/simon-bailey-01\/\" border=\"0\" itemprop=\"url\"> <meta itemprop=\"width\" content=\"162\"> <meta itemprop=\"height\" content=\"108\"> <img decoding=\"async\" class=\"\" data-attachment-id=\"10743\" data-orig-file=\"https:\/\/aliens-project.de\/blog\/wp-content\/uploads\/2010\/11\/Simon-Bailey-01.jpg\" data-orig-size=\"720,478\" data-comments-opened=\"1\" data-image-meta=\"{&quot;aperture&quot;:&quot;0&quot;,&quot;credit&quot;:&quot;&quot;,&quot;camera&quot;:&quot;&quot;,&quot;caption&quot;:&quot;&quot;,&quot;created_timestamp&quot;:&quot;0&quot;,&quot;copyright&quot;:&quot;&quot;,&quot;focal_length&quot;:&quot;0&quot;,&quot;iso&quot;:&quot;0&quot;,&quot;shutter_speed&quot;:&quot;0&quot;,&quot;title&quot;:&quot;&quot;}\" data-image-title=\"Simon Bailey-01\" data-image-description=\"\" data-medium-file=\"https:\/\/aliens-project.de\/blog\/wp-content\/uploads\/2010\/11\/Simon-Bailey-01-300x199.jpg\" data-large-file=\"https:\/\/aliens-project.de\/blog\/wp-content\/uploads\/2010\/11\/Simon-Bailey-01.jpg\" src=\"https:\/\/i0.wp.com\/aliens-project.de\/blog\/wp-content\/uploads\/2010\/11\/Simon-Bailey-01.jpg?w=162&#038;h=108&#038;ssl=1\" srcset=\"https:\/\/aliens-project.de\/blog\/wp-content\/uploads\/2010\/11\/Simon-Bailey-01.jpg 720w, https:\/\/aliens-project.de\/blog\/wp-content\/uploads\/2010\/11\/Simon-Bailey-01-300x199.jpg 300w\" width=\"162\" height=\"108\" loading=\"lazy\" data-original-width=\"162\" data-original-height=\"108\" itemprop=\"http:\/\/schema.org\/image\" title=\"Simon Bailey-01\" alt=\"Simon Bailey-01\" style=\"width: 162px; height: 108px;\" \/> <\/a> <\/div> <div class=\"tiled-gallery-item tiled-gallery-item-small\" itemprop=\"associatedMedia\" itemscope itemtype=\"http:\/\/schema.org\/ImageObject\"> <a href=\"https:\/\/aliens-project.de\/blog\/2010\/11\/17\/06-november-2010-ambient-art-festival-innsbruck-2\/simon-bailey-02\/\" border=\"0\" itemprop=\"url\"> <meta itemprop=\"width\" content=\"162\"> <meta itemprop=\"height\" content=\"107\"> <img decoding=\"async\" class=\"\" data-attachment-id=\"10744\" data-orig-file=\"https:\/\/aliens-project.de\/blog\/wp-content\/uploads\/2010\/11\/Simon-Bailey-02.jpg\" data-orig-size=\"720,478\" data-comments-opened=\"1\" data-image-meta=\"{&quot;aperture&quot;:&quot;0&quot;,&quot;credit&quot;:&quot;&quot;,&quot;camera&quot;:&quot;&quot;,&quot;caption&quot;:&quot;&quot;,&quot;created_timestamp&quot;:&quot;0&quot;,&quot;copyright&quot;:&quot;&quot;,&quot;focal_length&quot;:&quot;0&quot;,&quot;iso&quot;:&quot;0&quot;,&quot;shutter_speed&quot;:&quot;0&quot;,&quot;title&quot;:&quot;&quot;}\" data-image-title=\"Simon Bailey-02\" data-image-description=\"\" data-medium-file=\"https:\/\/aliens-project.de\/blog\/wp-content\/uploads\/2010\/11\/Simon-Bailey-02-300x199.jpg\" data-large-file=\"https:\/\/aliens-project.de\/blog\/wp-content\/uploads\/2010\/11\/Simon-Bailey-02.jpg\" src=\"https:\/\/i0.wp.com\/aliens-project.de\/blog\/wp-content\/uploads\/2010\/11\/Simon-Bailey-02.jpg?w=162&#038;h=107&#038;ssl=1\" srcset=\"https:\/\/aliens-project.de\/blog\/wp-content\/uploads\/2010\/11\/Simon-Bailey-02.jpg 720w, https:\/\/aliens-project.de\/blog\/wp-content\/uploads\/2010\/11\/Simon-Bailey-02-300x199.jpg 300w\" width=\"162\" height=\"107\" loading=\"lazy\" data-original-width=\"162\" data-original-height=\"107\" itemprop=\"http:\/\/schema.org\/image\" title=\"Simon Bailey-02\" alt=\"Simon Bailey-02\" style=\"width: 162px; height: 107px;\" \/> <\/a> <\/div> <\/div> <!-- close group --> <\/div> <!-- close row --> <div class=\"gallery-row\" style=\"width: 500px; height: 231px;\" data-original-width=\"500\" data-original-height=\"231\" > <div class=\"gallery-group images-1\" style=\"width: 345px; height: 231px;\" data-original-width=\"345\" data-original-height=\"231\" > <div class=\"tiled-gallery-item tiled-gallery-item-large\" itemprop=\"associatedMedia\" itemscope itemtype=\"http:\/\/schema.org\/ImageObject\"> <a href=\"https:\/\/aliens-project.de\/blog\/2010\/11\/17\/06-november-2010-ambient-art-festival-innsbruck-2\/simon-bailey-03\/\" border=\"0\" itemprop=\"url\"> <meta itemprop=\"width\" content=\"341\"> <meta itemprop=\"height\" content=\"227\"> <img decoding=\"async\" class=\"\" data-attachment-id=\"10745\" data-orig-file=\"https:\/\/aliens-project.de\/blog\/wp-content\/uploads\/2010\/11\/Simon-Bailey-03.jpg\" data-orig-size=\"720,478\" data-comments-opened=\"1\" data-image-meta=\"{&quot;aperture&quot;:&quot;0&quot;,&quot;credit&quot;:&quot;&quot;,&quot;camera&quot;:&quot;&quot;,&quot;caption&quot;:&quot;&quot;,&quot;created_timestamp&quot;:&quot;0&quot;,&quot;copyright&quot;:&quot;&quot;,&quot;focal_length&quot;:&quot;0&quot;,&quot;iso&quot;:&quot;0&quot;,&quot;shutter_speed&quot;:&quot;0&quot;,&quot;title&quot;:&quot;&quot;}\" data-image-title=\"Simon Bailey-03\" data-image-description=\"\" data-medium-file=\"https:\/\/aliens-project.de\/blog\/wp-content\/uploads\/2010\/11\/Simon-Bailey-03-300x199.jpg\" data-large-file=\"https:\/\/aliens-project.de\/blog\/wp-content\/uploads\/2010\/11\/Simon-Bailey-03.jpg\" src=\"https:\/\/i0.wp.com\/aliens-project.de\/blog\/wp-content\/uploads\/2010\/11\/Simon-Bailey-03.jpg?w=341&#038;h=227&#038;ssl=1\" srcset=\"https:\/\/aliens-project.de\/blog\/wp-content\/uploads\/2010\/11\/Simon-Bailey-03.jpg 720w, https:\/\/aliens-project.de\/blog\/wp-content\/uploads\/2010\/11\/Simon-Bailey-03-300x199.jpg 300w\" width=\"341\" height=\"227\" loading=\"lazy\" data-original-width=\"341\" data-original-height=\"227\" itemprop=\"http:\/\/schema.org\/image\" title=\"Simon Bailey-03\" alt=\"Simon Bailey-03\" style=\"width: 341px; height: 227px;\" \/> <\/a> <\/div> <\/div> <!-- close group --> <div class=\"gallery-group images-1\" style=\"width: 155px; height: 231px;\" data-original-width=\"155\" data-original-height=\"231\" > <div class=\"tiled-gallery-item tiled-gallery-item-small\" itemprop=\"associatedMedia\" itemscope itemtype=\"http:\/\/schema.org\/ImageObject\"> <a href=\"https:\/\/aliens-project.de\/blog\/2010\/11\/17\/06-november-2010-ambient-art-festival-innsbruck-2\/simon-bailey-04\/\" border=\"0\" itemprop=\"url\"> <meta itemprop=\"width\" content=\"151\"> <meta itemprop=\"height\" content=\"227\"> <img decoding=\"async\" class=\"\" data-attachment-id=\"10746\" data-orig-file=\"https:\/\/aliens-project.de\/blog\/wp-content\/uploads\/2010\/11\/Simon-Bailey-04.jpg\" data-orig-size=\"478,720\" data-comments-opened=\"1\" data-image-meta=\"{&quot;aperture&quot;:&quot;0&quot;,&quot;credit&quot;:&quot;&quot;,&quot;camera&quot;:&quot;&quot;,&quot;caption&quot;:&quot;&quot;,&quot;created_timestamp&quot;:&quot;0&quot;,&quot;copyright&quot;:&quot;&quot;,&quot;focal_length&quot;:&quot;0&quot;,&quot;iso&quot;:&quot;0&quot;,&quot;shutter_speed&quot;:&quot;0&quot;,&quot;title&quot;:&quot;&quot;}\" data-image-title=\"Simon Bailey-04\" data-image-description=\"\" data-medium-file=\"https:\/\/aliens-project.de\/blog\/wp-content\/uploads\/2010\/11\/Simon-Bailey-04-199x300.jpg\" data-large-file=\"https:\/\/aliens-project.de\/blog\/wp-content\/uploads\/2010\/11\/Simon-Bailey-04.jpg\" src=\"https:\/\/i0.wp.com\/aliens-project.de\/blog\/wp-content\/uploads\/2010\/11\/Simon-Bailey-04.jpg?w=151&#038;h=227&#038;ssl=1\" srcset=\"https:\/\/aliens-project.de\/blog\/wp-content\/uploads\/2010\/11\/Simon-Bailey-04.jpg 478w, https:\/\/aliens-project.de\/blog\/wp-content\/uploads\/2010\/11\/Simon-Bailey-04-199x300.jpg 199w\" width=\"151\" height=\"227\" loading=\"lazy\" data-original-width=\"151\" data-original-height=\"227\" itemprop=\"http:\/\/schema.org\/image\" title=\"Simon Bailey-04\" alt=\"Simon Bailey-04\" style=\"width: 151px; height: 227px;\" \/> <\/a> <\/div> <\/div> <!-- close group --> <\/div> <!-- close row --> <div class=\"gallery-row\" style=\"width: 500px; height: 500px;\" data-original-width=\"500\" data-original-height=\"500\" > <div class=\"gallery-group images-1\" style=\"width: 500px; height: 500px;\" data-original-width=\"500\" data-original-height=\"500\" > <div class=\"tiled-gallery-item tiled-gallery-item-large\" itemprop=\"associatedMedia\" itemscope itemtype=\"http:\/\/schema.org\/ImageObject\"> <a href=\"https:\/\/aliens-project.de\/blog\/2010\/11\/17\/06-november-2010-ambient-art-festival-innsbruck-2\/simon-bailey-05\/\" border=\"0\" itemprop=\"url\"> <meta itemprop=\"width\" content=\"496\"> <meta itemprop=\"height\" content=\"496\"> <img decoding=\"async\" class=\"\" data-attachment-id=\"10747\" data-orig-file=\"https:\/\/aliens-project.de\/blog\/wp-content\/uploads\/2010\/11\/Simon-Bailey-05.jpg\" data-orig-size=\"720,720\" data-comments-opened=\"1\" data-image-meta=\"{&quot;aperture&quot;:&quot;0&quot;,&quot;credit&quot;:&quot;&quot;,&quot;camera&quot;:&quot;&quot;,&quot;caption&quot;:&quot;&quot;,&quot;created_timestamp&quot;:&quot;0&quot;,&quot;copyright&quot;:&quot;&quot;,&quot;focal_length&quot;:&quot;0&quot;,&quot;iso&quot;:&quot;0&quot;,&quot;shutter_speed&quot;:&quot;0&quot;,&quot;title&quot;:&quot;&quot;}\" data-image-title=\"Simon Bailey-05\" data-image-description=\"\" data-medium-file=\"https:\/\/aliens-project.de\/blog\/wp-content\/uploads\/2010\/11\/Simon-Bailey-05-300x300.jpg\" data-large-file=\"https:\/\/aliens-project.de\/blog\/wp-content\/uploads\/2010\/11\/Simon-Bailey-05.jpg\" src=\"https:\/\/i0.wp.com\/aliens-project.de\/blog\/wp-content\/uploads\/2010\/11\/Simon-Bailey-05.jpg?w=496&#038;h=496&#038;crop=1&#038;ssl=1\" srcset=\"https:\/\/aliens-project.de\/blog\/wp-content\/uploads\/2010\/11\/Simon-Bailey-05.jpg 720w, https:\/\/aliens-project.de\/blog\/wp-content\/uploads\/2010\/11\/Simon-Bailey-05-150x150.jpg 150w, https:\/\/aliens-project.de\/blog\/wp-content\/uploads\/2010\/11\/Simon-Bailey-05-300x300.jpg 300w\" width=\"496\" height=\"496\" loading=\"lazy\" data-original-width=\"496\" data-original-height=\"496\" itemprop=\"http:\/\/schema.org\/image\" title=\"Simon Bailey-05\" alt=\"Simon Bailey-05\" style=\"width: 496px; height: 496px;\" \/> <\/a> <\/div> <\/div> <!-- close group --> <\/div> <!-- close row --> <\/div>\n","protected":false},"excerpt":{"rendered":"<p>So, jetzt ist auch unsere Musik vom Ambient-Art-Festival (EK-Lounge #40)\u00a0online: 01 Flight to Innsbruck 02 In the Dark Room 03 Pantomime \u00a004 The Color of Live Viel Spa\u00df damit beim Anh\u00f6ren! Hier noch ein paar sch\u00f6ne Bilder von Paul Santek,\u00a0Simon Bailey, Stefan Horber und Harry Triendl: Mehr Bilder in der Gallerie:<\/p>\n","protected":false},"author":2,"featured_media":0,"comment_status":"open","ping_status":"open","sticky":false,"template":"","format":"standard","meta":{"jetpack_post_was_ever_published":false,"_jetpack_newsletter_access":"","_jetpack_dont_email_post_to_subs":false,"_jetpack_newsletter_tier_id":0,"_jetpack_memberships_contains_paywalled_content":false,"_jetpack_memberships_contains_paid_content":false,"footnotes":"","jetpack_publicize_message":"","jetpack_publicize_feature_enabled":true,"jetpack_social_post_already_shared":false,"jetpack_social_options":{"image_generator_settings":{"template":"highway","default_image_id":0,"font":"","enabled":false},"version":2}},"categories":[1,271,4],"tags":[740,741],"class_list":["post-10721","post","type-post","status-publish","format-standard","hentry","category-aliens-project","category-live-events","category-synthesizer","tag-ambient-art-festival-innsbruck","tag-ek-lounge-40"],"jetpack_publicize_connections":[],"jetpack_featured_media_url":"","jetpack_shortlink":"https:\/\/wp.me\/p32c1I-2MV","jetpack_sharing_enabled":true,"jetpack_likes_enabled":true,"jetpack-related-posts":[],"_links":{"self":[{"href":"https:\/\/aliens-project.de\/blog\/wp-json\/wp\/v2\/posts\/10721","targetHints":{"allow":["GET"]}}],"collection":[{"href":"https:\/\/aliens-project.de\/blog\/wp-json\/wp\/v2\/posts"}],"about":[{"href":"https:\/\/aliens-project.de\/blog\/wp-json\/wp\/v2\/types\/post"}],"author":[{"embeddable":true,"href":"https:\/\/aliens-project.de\/blog\/wp-json\/wp\/v2\/users\/2"}],"replies":[{"embeddable":true,"href":"https:\/\/aliens-project.de\/blog\/wp-json\/wp\/v2\/comments?post=10721"}],"version-history":[{"count":10,"href":"https:\/\/aliens-project.de\/blog\/wp-json\/wp\/v2\/posts\/10721\/revisions"}],"predecessor-version":[{"id":10755,"href":"https:\/\/aliens-project.de\/blog\/wp-json\/wp\/v2\/posts\/10721\/revisions\/10755"}],"wp:attachment":[{"href":"https:\/\/aliens-project.de\/blog\/wp-json\/wp\/v2\/media?parent=10721"}],"wp:term":[{"taxonomy":"category","embeddable":true,"href":"https:\/\/aliens-project.de\/blog\/wp-json\/wp\/v2\/categories?post=10721"},{"taxonomy":"post_tag","embeddable":true,"href":"https:\/\/aliens-project.de\/blog\/wp-json\/wp\/v2\/tags?post=10721"}],"curies":[{"name":"wp","href":"https:\/\/api.w.org\/{rel}","templated":true}]}}