{"id":10605,"date":"2010-11-08T19:24:29","date_gmt":"2010-11-08T17:24:29","guid":{"rendered":"http:\/\/aliens-project.de\/blog\/?p=10605"},"modified":"2010-11-09T00:35:06","modified_gmt":"2010-11-08T22:35:06","slug":"ambient-art-festival-innsbruck-erste-eindrucke","status":"publish","type":"post","link":"https:\/\/aliens-project.de\/blog\/2010\/11\/08\/ambient-art-festival-innsbruck-erste-eindrucke\/","title":{"rendered":"Ambient Art Festival Innsbruck -erste Eindr\u00fccke&#8230;"},"content":{"rendered":"<p><img loading=\"lazy\" decoding=\"async\" title=\"EK-Lounge#40\" src=\"https:\/\/aliens-project.de\/blog\/wp-content\/uploads\/2010\/11\/EK-Lounge40.jpg\" alt=\"\" width=\"408\" height=\"306\" \/><\/p>\n<p>Sonnenschein und strahlend blauer Himmel -so begann f\u00fcr mich das Ambient-Art Festival in Innsbruck.<br \/>\nDie gesamte Organisation, die Location und das ganze Drumherum, war wirklich super, alles sehr stimmig.<br \/>\nEs hat mir gro\u00dfen Spa\u00df gemacht, dort gemeinsam mit meinen Freunden, aus der EK-Lounge, zu musizieren. W\u00e4hrend des Events konnte ich leider nicht viele Bilder machen, da war ich einfach zu sehr mit der Musik besch\u00e4ftigt. Ich denke mal, das da aber noch von professioneller Seite etwas kommt.<br \/>\nSch\u00f6n wars!<\/p>\n<p><a href=\"https:\/\/aliens-project.de\/blog\/wp-content\/uploads\/2010\/11\/Ambient-Art-01.jpg\"><img loading=\"lazy\" decoding=\"async\" data-attachment-id=\"10609\" data-permalink=\"https:\/\/aliens-project.de\/blog\/2010\/11\/08\/ambient-art-festival-innsbruck-erste-eindrucke\/ambient-art-01\/\" data-orig-file=\"https:\/\/aliens-project.de\/blog\/wp-content\/uploads\/2010\/11\/Ambient-Art-01.jpg\" data-orig-size=\"992,744\" data-comments-opened=\"1\" data-image-meta=\"{&quot;aperture&quot;:&quot;0&quot;,&quot;credit&quot;:&quot;&quot;,&quot;camera&quot;:&quot;&quot;,&quot;caption&quot;:&quot;&quot;,&quot;created_timestamp&quot;:&quot;0&quot;,&quot;copyright&quot;:&quot;&quot;,&quot;focal_length&quot;:&quot;0&quot;,&quot;iso&quot;:&quot;0&quot;,&quot;shutter_speed&quot;:&quot;0&quot;,&quot;title&quot;:&quot;&quot;}\" data-image-title=\"Ambient-Art-01\" data-image-description=\"\" data-image-caption=\"\" data-large-file=\"https:\/\/aliens-project.de\/blog\/wp-content\/uploads\/2010\/11\/Ambient-Art-01.jpg\" class=\"alignleft size-full wp-image-10609\" title=\"Ambient-Art-01\" src=\"https:\/\/aliens-project.de\/blog\/wp-content\/uploads\/2010\/11\/Ambient-Art-01.jpg\" alt=\"\" width=\"794\" height=\"595\" srcset=\"https:\/\/aliens-project.de\/blog\/wp-content\/uploads\/2010\/11\/Ambient-Art-01.jpg 992w, https:\/\/aliens-project.de\/blog\/wp-content\/uploads\/2010\/11\/Ambient-Art-01-300x225.jpg 300w\" sizes=\"auto, (max-width: 794px) 100vw, 794px\" \/><\/a><\/p>\n<p><a href=\"https:\/\/aliens-project.de\/blog\/wp-content\/uploads\/2010\/11\/Ambient-Art-24.jpg\"><img loading=\"lazy\" decoding=\"async\" data-attachment-id=\"10632\" data-permalink=\"https:\/\/aliens-project.de\/blog\/2010\/11\/08\/ambient-art-festival-innsbruck-erste-eindrucke\/ambient-art-24\/\" data-orig-file=\"https:\/\/aliens-project.de\/blog\/wp-content\/uploads\/2010\/11\/Ambient-Art-24.jpg\" data-orig-size=\"992,744\" data-comments-opened=\"1\" data-image-meta=\"{&quot;aperture&quot;:&quot;0&quot;,&quot;credit&quot;:&quot;&quot;,&quot;camera&quot;:&quot;&quot;,&quot;caption&quot;:&quot;&quot;,&quot;created_timestamp&quot;:&quot;0&quot;,&quot;copyright&quot;:&quot;&quot;,&quot;focal_length&quot;:&quot;0&quot;,&quot;iso&quot;:&quot;0&quot;,&quot;shutter_speed&quot;:&quot;0&quot;,&quot;title&quot;:&quot;&quot;}\" data-image-title=\"Ambient-Art-24\" data-image-description=\"\" data-image-caption=\"\" data-large-file=\"https:\/\/aliens-project.de\/blog\/wp-content\/uploads\/2010\/11\/Ambient-Art-24.jpg\" class=\"alignleft size-full wp-image-10632\" title=\"Ambient-Art-24\" src=\"https:\/\/aliens-project.de\/blog\/wp-content\/uploads\/2010\/11\/Ambient-Art-24.jpg\" alt=\"\" width=\"794\" height=\"595\" srcset=\"https:\/\/aliens-project.de\/blog\/wp-content\/uploads\/2010\/11\/Ambient-Art-24.jpg 992w, https:\/\/aliens-project.de\/blog\/wp-content\/uploads\/2010\/11\/Ambient-Art-24-300x225.jpg 300w\" sizes=\"auto, (max-width: 794px) 100vw, 794px\" \/><\/a><\/p>\n<p><a href=\"https:\/\/aliens-project.de\/blog\/wp-content\/uploads\/2010\/11\/Ambient-Art-27.jpg\"><img loading=\"lazy\" decoding=\"async\" data-attachment-id=\"10635\" data-permalink=\"https:\/\/aliens-project.de\/blog\/2010\/11\/08\/ambient-art-festival-innsbruck-erste-eindrucke\/ambient-art-27\/\" data-orig-file=\"https:\/\/aliens-project.de\/blog\/wp-content\/uploads\/2010\/11\/Ambient-Art-27.jpg\" data-orig-size=\"744,992\" data-comments-opened=\"1\" data-image-meta=\"{&quot;aperture&quot;:&quot;0&quot;,&quot;credit&quot;:&quot;&quot;,&quot;camera&quot;:&quot;&quot;,&quot;caption&quot;:&quot;&quot;,&quot;created_timestamp&quot;:&quot;0&quot;,&quot;copyright&quot;:&quot;&quot;,&quot;focal_length&quot;:&quot;0&quot;,&quot;iso&quot;:&quot;0&quot;,&quot;shutter_speed&quot;:&quot;0&quot;,&quot;title&quot;:&quot;&quot;}\" data-image-title=\"Ambient-Art-27\" data-image-description=\"\" data-image-caption=\"\" data-large-file=\"https:\/\/aliens-project.de\/blog\/wp-content\/uploads\/2010\/11\/Ambient-Art-27.jpg\" class=\"alignleft size-full wp-image-10635\" title=\"Ambient-Art-27\" src=\"https:\/\/aliens-project.de\/blog\/wp-content\/uploads\/2010\/11\/Ambient-Art-27.jpg\" alt=\"\" width=\"595\" height=\"794\" srcset=\"https:\/\/aliens-project.de\/blog\/wp-content\/uploads\/2010\/11\/Ambient-Art-27.jpg 744w, https:\/\/aliens-project.de\/blog\/wp-content\/uploads\/2010\/11\/Ambient-Art-27-225x300.jpg 225w\" sizes=\"auto, (max-width: 595px) 100vw, 595px\" \/><\/a><\/p>\n<p><a href=\"https:\/\/aliens-project.de\/blog\/wp-content\/uploads\/2010\/11\/Ambient-Art-30.jpg\"><img loading=\"lazy\" decoding=\"async\" data-attachment-id=\"10638\" data-permalink=\"https:\/\/aliens-project.de\/blog\/2010\/11\/08\/ambient-art-festival-innsbruck-erste-eindrucke\/ambient-art-30\/\" data-orig-file=\"https:\/\/aliens-project.de\/blog\/wp-content\/uploads\/2010\/11\/Ambient-Art-30.jpg\" data-orig-size=\"992,744\" data-comments-opened=\"1\" data-image-meta=\"{&quot;aperture&quot;:&quot;0&quot;,&quot;credit&quot;:&quot;&quot;,&quot;camera&quot;:&quot;&quot;,&quot;caption&quot;:&quot;&quot;,&quot;created_timestamp&quot;:&quot;0&quot;,&quot;copyright&quot;:&quot;&quot;,&quot;focal_length&quot;:&quot;0&quot;,&quot;iso&quot;:&quot;0&quot;,&quot;shutter_speed&quot;:&quot;0&quot;,&quot;title&quot;:&quot;&quot;}\" data-image-title=\"Ambient-Art-30\" data-image-description=\"\" data-image-caption=\"\" data-large-file=\"https:\/\/aliens-project.de\/blog\/wp-content\/uploads\/2010\/11\/Ambient-Art-30.jpg\" class=\"alignleft size-full wp-image-10638\" title=\"Ambient-Art-30\" src=\"https:\/\/aliens-project.de\/blog\/wp-content\/uploads\/2010\/11\/Ambient-Art-30.jpg\" alt=\"\" width=\"794\" height=\"595\" srcset=\"https:\/\/aliens-project.de\/blog\/wp-content\/uploads\/2010\/11\/Ambient-Art-30.jpg 992w, https:\/\/aliens-project.de\/blog\/wp-content\/uploads\/2010\/11\/Ambient-Art-30-300x225.jpg 300w\" sizes=\"auto, (max-width: 794px) 100vw, 794px\" \/><\/a><\/p>\n<div><a href=\"https:\/\/aliens-project.de\/blog\/wp-content\/uploads\/2010\/11\/EK-Lounge40.jpg\"><div class=\"tiled-gallery type-rectangular tiled-gallery-unresized\" data-original-width=\"500\" data-carousel-extra='{&quot;blog_id&quot;:1,&quot;permalink&quot;:&quot;https:\\\/\\\/aliens-project.de\\\/blog\\\/2010\\\/11\\\/08\\\/ambient-art-festival-innsbruck-erste-eindrucke\\\/&quot;,&quot;likes_blog_id&quot;:44851898}' itemscope itemtype=\"http:\/\/schema.org\/ImageGallery\" > <div class=\"gallery-row\" style=\"width: 500px; height: 241px;\" data-original-width=\"500\" data-original-height=\"241\" > <div class=\"gallery-group images-1\" style=\"width: 319px; height: 241px;\" data-original-width=\"319\" data-original-height=\"241\" > <div class=\"tiled-gallery-item tiled-gallery-item-large\" itemprop=\"associatedMedia\" itemscope itemtype=\"http:\/\/schema.org\/ImageObject\"> <a href=\"https:\/\/aliens-project.de\/blog\/2010\/11\/08\/ambient-art-festival-innsbruck-erste-eindrucke\/ek-lounge40\/\" border=\"0\" itemprop=\"url\"> <meta itemprop=\"width\" content=\"315\"> <meta itemprop=\"height\" content=\"237\"> <img decoding=\"async\" class=\"\" data-attachment-id=\"10606\" data-orig-file=\"https:\/\/aliens-project.de\/blog\/wp-content\/uploads\/2010\/11\/EK-Lounge40.jpg\" data-orig-size=\"850,639\" data-comments-opened=\"1\" data-image-meta=\"{&quot;aperture&quot;:&quot;0&quot;,&quot;credit&quot;:&quot;&quot;,&quot;camera&quot;:&quot;&quot;,&quot;caption&quot;:&quot;&quot;,&quot;created_timestamp&quot;:&quot;0&quot;,&quot;copyright&quot;:&quot;&quot;,&quot;focal_length&quot;:&quot;0&quot;,&quot;iso&quot;:&quot;0&quot;,&quot;shutter_speed&quot;:&quot;0&quot;,&quot;title&quot;:&quot;&quot;}\" data-image-title=\"EK-Lounge#40\" data-image-description=\"\" data-medium-file=\"https:\/\/aliens-project.de\/blog\/wp-content\/uploads\/2010\/11\/EK-Lounge40-300x225.jpg\" data-large-file=\"https:\/\/aliens-project.de\/blog\/wp-content\/uploads\/2010\/11\/EK-Lounge40.jpg\" src=\"https:\/\/i0.wp.com\/aliens-project.de\/blog\/wp-content\/uploads\/2010\/11\/EK-Lounge40.jpg?w=315&#038;h=237&#038;ssl=1\" srcset=\"https:\/\/aliens-project.de\/blog\/wp-content\/uploads\/2010\/11\/EK-Lounge40.jpg 850w, https:\/\/aliens-project.de\/blog\/wp-content\/uploads\/2010\/11\/EK-Lounge40-300x225.jpg 300w\" width=\"315\" height=\"237\" loading=\"lazy\" data-original-width=\"315\" data-original-height=\"237\" itemprop=\"http:\/\/schema.org\/image\" title=\"EK-Lounge#40\" alt=\"EK-Lounge#40\" style=\"width: 315px; height: 237px;\" \/> <\/a> <\/div> <\/div> <!-- close group --> <div class=\"gallery-group images-1\" style=\"width: 181px; height: 241px;\" data-original-width=\"181\" data-original-height=\"241\" > <div class=\"tiled-gallery-item tiled-gallery-item-small\" itemprop=\"associatedMedia\" itemscope itemtype=\"http:\/\/schema.org\/ImageObject\"> <a href=\"https:\/\/aliens-project.de\/blog\/2010\/11\/08\/ambient-art-festival-innsbruck-erste-eindrucke\/ambient-art-36\/\" border=\"0\" itemprop=\"url\"> <meta itemprop=\"width\" content=\"177\"> <meta itemprop=\"height\" content=\"237\"> <img decoding=\"async\" class=\"\" data-attachment-id=\"10608\" data-orig-file=\"https:\/\/aliens-project.de\/blog\/wp-content\/uploads\/2010\/11\/Ambient-Art-36.jpg\" data-orig-size=\"744,992\" data-comments-opened=\"1\" data-image-meta=\"{&quot;aperture&quot;:&quot;0&quot;,&quot;credit&quot;:&quot;&quot;,&quot;camera&quot;:&quot;&quot;,&quot;caption&quot;:&quot;&quot;,&quot;created_timestamp&quot;:&quot;0&quot;,&quot;copyright&quot;:&quot;&quot;,&quot;focal_length&quot;:&quot;0&quot;,&quot;iso&quot;:&quot;0&quot;,&quot;shutter_speed&quot;:&quot;0&quot;,&quot;title&quot;:&quot;&quot;}\" data-image-title=\"Ambient-Art-36\" data-image-description=\"\" data-medium-file=\"https:\/\/aliens-project.de\/blog\/wp-content\/uploads\/2010\/11\/Ambient-Art-36-225x300.jpg\" data-large-file=\"https:\/\/aliens-project.de\/blog\/wp-content\/uploads\/2010\/11\/Ambient-Art-36.jpg\" src=\"https:\/\/i0.wp.com\/aliens-project.de\/blog\/wp-content\/uploads\/2010\/11\/Ambient-Art-36.jpg?w=177&#038;h=237&#038;ssl=1\" srcset=\"https:\/\/aliens-project.de\/blog\/wp-content\/uploads\/2010\/11\/Ambient-Art-36.jpg 744w, https:\/\/aliens-project.de\/blog\/wp-content\/uploads\/2010\/11\/Ambient-Art-36-225x300.jpg 225w\" width=\"177\" height=\"237\" loading=\"lazy\" data-original-width=\"177\" data-original-height=\"237\" itemprop=\"http:\/\/schema.org\/image\" title=\"Ambient-Art-36\" alt=\"Ambient-Art-36\" style=\"width: 177px; height: 237px;\" \/> <\/a> <\/div> <\/div> <!-- close group --> <\/div> <!-- close row --> <div class=\"gallery-row\" style=\"width: 500px; height: 251px;\" data-original-width=\"500\" data-original-height=\"251\" > <div class=\"gallery-group images-1\" style=\"width: 334px; height: 251px;\" data-original-width=\"334\" data-original-height=\"251\" > <div class=\"tiled-gallery-item tiled-gallery-item-large\" itemprop=\"associatedMedia\" itemscope itemtype=\"http:\/\/schema.org\/ImageObject\"> <a href=\"https:\/\/aliens-project.de\/blog\/2010\/11\/08\/ambient-art-festival-innsbruck-erste-eindrucke\/ambient-art-01\/\" border=\"0\" itemprop=\"url\"> <meta itemprop=\"width\" content=\"330\"> <meta itemprop=\"height\" content=\"247\"> <img decoding=\"async\" class=\"\" data-attachment-id=\"10609\" data-orig-file=\"https:\/\/aliens-project.de\/blog\/wp-content\/uploads\/2010\/11\/Ambient-Art-01.jpg\" data-orig-size=\"992,744\" data-comments-opened=\"1\" data-image-meta=\"{&quot;aperture&quot;:&quot;0&quot;,&quot;credit&quot;:&quot;&quot;,&quot;camera&quot;:&quot;&quot;,&quot;caption&quot;:&quot;&quot;,&quot;created_timestamp&quot;:&quot;0&quot;,&quot;copyright&quot;:&quot;&quot;,&quot;focal_length&quot;:&quot;0&quot;,&quot;iso&quot;:&quot;0&quot;,&quot;shutter_speed&quot;:&quot;0&quot;,&quot;title&quot;:&quot;&quot;}\" data-image-title=\"Ambient-Art-01\" data-image-description=\"\" data-medium-file=\"https:\/\/aliens-project.de\/blog\/wp-content\/uploads\/2010\/11\/Ambient-Art-01-300x225.jpg\" data-large-file=\"https:\/\/aliens-project.de\/blog\/wp-content\/uploads\/2010\/11\/Ambient-Art-01.jpg\" src=\"https:\/\/i0.wp.com\/aliens-project.de\/blog\/wp-content\/uploads\/2010\/11\/Ambient-Art-01.jpg?w=330&#038;h=247&#038;ssl=1\" srcset=\"https:\/\/aliens-project.de\/blog\/wp-content\/uploads\/2010\/11\/Ambient-Art-01.jpg 992w, https:\/\/aliens-project.de\/blog\/wp-content\/uploads\/2010\/11\/Ambient-Art-01-300x225.jpg 300w\" width=\"330\" height=\"247\" loading=\"lazy\" data-original-width=\"330\" data-original-height=\"247\" itemprop=\"http:\/\/schema.org\/image\" title=\"Ambient-Art-01\" alt=\"Ambient-Art-01\" style=\"width: 330px; height: 247px;\" \/> <\/a> <\/div> <\/div> <!-- close group --> <div class=\"gallery-group images-2\" style=\"width: 166px; height: 251px;\" data-original-width=\"166\" data-original-height=\"251\" > <div class=\"tiled-gallery-item tiled-gallery-item-small\" itemprop=\"associatedMedia\" itemscope itemtype=\"http:\/\/schema.org\/ImageObject\"> <a href=\"https:\/\/aliens-project.de\/blog\/2010\/11\/08\/ambient-art-festival-innsbruck-erste-eindrucke\/ambient-art-02\/\" border=\"0\" itemprop=\"url\"> <meta itemprop=\"width\" content=\"162\"> <meta itemprop=\"height\" content=\"122\"> <img decoding=\"async\" class=\"\" data-attachment-id=\"10610\" data-orig-file=\"https:\/\/aliens-project.de\/blog\/wp-content\/uploads\/2010\/11\/Ambient-Art-02.jpg\" data-orig-size=\"992,744\" data-comments-opened=\"1\" data-image-meta=\"{&quot;aperture&quot;:&quot;0&quot;,&quot;credit&quot;:&quot;&quot;,&quot;camera&quot;:&quot;&quot;,&quot;caption&quot;:&quot;&quot;,&quot;created_timestamp&quot;:&quot;0&quot;,&quot;copyright&quot;:&quot;&quot;,&quot;focal_length&quot;:&quot;0&quot;,&quot;iso&quot;:&quot;0&quot;,&quot;shutter_speed&quot;:&quot;0&quot;,&quot;title&quot;:&quot;&quot;}\" data-image-title=\"Ambient-Art-02\" data-image-description=\"\" data-medium-file=\"https:\/\/aliens-project.de\/blog\/wp-content\/uploads\/2010\/11\/Ambient-Art-02-300x225.jpg\" data-large-file=\"https:\/\/aliens-project.de\/blog\/wp-content\/uploads\/2010\/11\/Ambient-Art-02.jpg\" src=\"https:\/\/i0.wp.com\/aliens-project.de\/blog\/wp-content\/uploads\/2010\/11\/Ambient-Art-02.jpg?w=162&#038;h=122&#038;ssl=1\" srcset=\"https:\/\/aliens-project.de\/blog\/wp-content\/uploads\/2010\/11\/Ambient-Art-02.jpg 992w, https:\/\/aliens-project.de\/blog\/wp-content\/uploads\/2010\/11\/Ambient-Art-02-300x225.jpg 300w\" width=\"162\" height=\"122\" loading=\"lazy\" data-original-width=\"162\" data-original-height=\"122\" itemprop=\"http:\/\/schema.org\/image\" title=\"Ambient-Art-02\" alt=\"Ambient-Art-02\" style=\"width: 162px; height: 122px;\" \/> <\/a> <\/div> <div class=\"tiled-gallery-item tiled-gallery-item-small\" itemprop=\"associatedMedia\" itemscope itemtype=\"http:\/\/schema.org\/ImageObject\"> <a href=\"https:\/\/aliens-project.de\/blog\/2010\/11\/08\/ambient-art-festival-innsbruck-erste-eindrucke\/ambient-art-03\/\" border=\"0\" itemprop=\"url\"> <meta itemprop=\"width\" content=\"162\"> <meta itemprop=\"height\" content=\"121\"> <img decoding=\"async\" class=\"\" data-attachment-id=\"10611\" data-orig-file=\"https:\/\/aliens-project.de\/blog\/wp-content\/uploads\/2010\/11\/Ambient-Art-03.jpg\" data-orig-size=\"992,744\" data-comments-opened=\"1\" data-image-meta=\"{&quot;aperture&quot;:&quot;0&quot;,&quot;credit&quot;:&quot;&quot;,&quot;camera&quot;:&quot;&quot;,&quot;caption&quot;:&quot;&quot;,&quot;created_timestamp&quot;:&quot;0&quot;,&quot;copyright&quot;:&quot;&quot;,&quot;focal_length&quot;:&quot;0&quot;,&quot;iso&quot;:&quot;0&quot;,&quot;shutter_speed&quot;:&quot;0&quot;,&quot;title&quot;:&quot;&quot;}\" data-image-title=\"Ambient-Art-03\" data-image-description=\"\" data-medium-file=\"https:\/\/aliens-project.de\/blog\/wp-content\/uploads\/2010\/11\/Ambient-Art-03-300x225.jpg\" data-large-file=\"https:\/\/aliens-project.de\/blog\/wp-content\/uploads\/2010\/11\/Ambient-Art-03.jpg\" src=\"https:\/\/i0.wp.com\/aliens-project.de\/blog\/wp-content\/uploads\/2010\/11\/Ambient-Art-03.jpg?w=162&#038;h=121&#038;ssl=1\" srcset=\"https:\/\/aliens-project.de\/blog\/wp-content\/uploads\/2010\/11\/Ambient-Art-03.jpg 992w, https:\/\/aliens-project.de\/blog\/wp-content\/uploads\/2010\/11\/Ambient-Art-03-300x225.jpg 300w\" width=\"162\" height=\"121\" loading=\"lazy\" data-original-width=\"162\" data-original-height=\"121\" itemprop=\"http:\/\/schema.org\/image\" title=\"Ambient-Art-03\" alt=\"Ambient-Art-03\" style=\"width: 162px; height: 121px;\" \/> <\/a> <\/div> <\/div> <!-- close group --> <\/div> <!-- close row --> <div class=\"gallery-row\" style=\"width: 500px; height: 126px;\" data-original-width=\"500\" data-original-height=\"126\" > <div class=\"gallery-group images-1\" style=\"width: 167px; height: 126px;\" data-original-width=\"167\" data-original-height=\"126\" > <div class=\"tiled-gallery-item tiled-gallery-item-small\" itemprop=\"associatedMedia\" itemscope itemtype=\"http:\/\/schema.org\/ImageObject\"> <a href=\"https:\/\/aliens-project.de\/blog\/2010\/11\/08\/ambient-art-festival-innsbruck-erste-eindrucke\/ambient-art-04\/\" border=\"0\" itemprop=\"url\"> <meta itemprop=\"width\" content=\"163\"> <meta itemprop=\"height\" content=\"122\"> <img decoding=\"async\" class=\"\" data-attachment-id=\"10612\" data-orig-file=\"https:\/\/aliens-project.de\/blog\/wp-content\/uploads\/2010\/11\/Ambient-Art-04.jpg\" data-orig-size=\"992,744\" data-comments-opened=\"1\" data-image-meta=\"{&quot;aperture&quot;:&quot;0&quot;,&quot;credit&quot;:&quot;&quot;,&quot;camera&quot;:&quot;&quot;,&quot;caption&quot;:&quot;&quot;,&quot;created_timestamp&quot;:&quot;0&quot;,&quot;copyright&quot;:&quot;&quot;,&quot;focal_length&quot;:&quot;0&quot;,&quot;iso&quot;:&quot;0&quot;,&quot;shutter_speed&quot;:&quot;0&quot;,&quot;title&quot;:&quot;&quot;}\" data-image-title=\"Ambient-Art-04\" data-image-description=\"\" data-medium-file=\"https:\/\/aliens-project.de\/blog\/wp-content\/uploads\/2010\/11\/Ambient-Art-04-300x225.jpg\" data-large-file=\"https:\/\/aliens-project.de\/blog\/wp-content\/uploads\/2010\/11\/Ambient-Art-04.jpg\" src=\"https:\/\/i0.wp.com\/aliens-project.de\/blog\/wp-content\/uploads\/2010\/11\/Ambient-Art-04.jpg?w=163&#038;h=122&#038;ssl=1\" srcset=\"https:\/\/aliens-project.de\/blog\/wp-content\/uploads\/2010\/11\/Ambient-Art-04.jpg 992w, https:\/\/aliens-project.de\/blog\/wp-content\/uploads\/2010\/11\/Ambient-Art-04-300x225.jpg 300w\" width=\"163\" height=\"122\" loading=\"lazy\" data-original-width=\"163\" data-original-height=\"122\" itemprop=\"http:\/\/schema.org\/image\" title=\"Ambient-Art-04\" alt=\"Ambient-Art-04\" style=\"width: 163px; height: 122px;\" \/> <\/a> <\/div> <\/div> <!-- close group --> <div class=\"gallery-group images-1\" style=\"width: 167px; height: 126px;\" data-original-width=\"167\" data-original-height=\"126\" > <div class=\"tiled-gallery-item tiled-gallery-item-small\" itemprop=\"associatedMedia\" itemscope itemtype=\"http:\/\/schema.org\/ImageObject\"> <a href=\"https:\/\/aliens-project.de\/blog\/2010\/11\/08\/ambient-art-festival-innsbruck-erste-eindrucke\/ambient-art-05\/\" border=\"0\" itemprop=\"url\"> <meta itemprop=\"width\" content=\"163\"> <meta itemprop=\"height\" content=\"122\"> <img decoding=\"async\" class=\"\" data-attachment-id=\"10613\" data-orig-file=\"https:\/\/aliens-project.de\/blog\/wp-content\/uploads\/2010\/11\/Ambient-Art-05.jpg\" data-orig-size=\"992,744\" data-comments-opened=\"1\" data-image-meta=\"{&quot;aperture&quot;:&quot;0&quot;,&quot;credit&quot;:&quot;&quot;,&quot;camera&quot;:&quot;&quot;,&quot;caption&quot;:&quot;&quot;,&quot;created_timestamp&quot;:&quot;0&quot;,&quot;copyright&quot;:&quot;&quot;,&quot;focal_length&quot;:&quot;0&quot;,&quot;iso&quot;:&quot;0&quot;,&quot;shutter_speed&quot;:&quot;0&quot;,&quot;title&quot;:&quot;&quot;}\" data-image-title=\"Ambient-Art-05\" data-image-description=\"\" data-medium-file=\"https:\/\/aliens-project.de\/blog\/wp-content\/uploads\/2010\/11\/Ambient-Art-05-300x225.jpg\" data-large-file=\"https:\/\/aliens-project.de\/blog\/wp-content\/uploads\/2010\/11\/Ambient-Art-05.jpg\" src=\"https:\/\/i0.wp.com\/aliens-project.de\/blog\/wp-content\/uploads\/2010\/11\/Ambient-Art-05.jpg?w=163&#038;h=122&#038;ssl=1\" srcset=\"https:\/\/aliens-project.de\/blog\/wp-content\/uploads\/2010\/11\/Ambient-Art-05.jpg 992w, https:\/\/aliens-project.de\/blog\/wp-content\/uploads\/2010\/11\/Ambient-Art-05-300x225.jpg 300w\" width=\"163\" height=\"122\" loading=\"lazy\" data-original-width=\"163\" data-original-height=\"122\" itemprop=\"http:\/\/schema.org\/image\" title=\"Ambient-Art-05\" alt=\"Ambient-Art-05\" style=\"width: 163px; height: 122px;\" \/> <\/a> <\/div> <\/div> <!-- close group --> <div class=\"gallery-group images-1\" style=\"width: 166px; height: 126px;\" data-original-width=\"166\" data-original-height=\"126\" > <div class=\"tiled-gallery-item tiled-gallery-item-small\" itemprop=\"associatedMedia\" itemscope itemtype=\"http:\/\/schema.org\/ImageObject\"> <a href=\"https:\/\/aliens-project.de\/blog\/2010\/11\/08\/ambient-art-festival-innsbruck-erste-eindrucke\/ambient-art-06\/\" border=\"0\" itemprop=\"url\"> <meta itemprop=\"width\" content=\"162\"> <meta itemprop=\"height\" content=\"122\"> <img decoding=\"async\" class=\"\" data-attachment-id=\"10614\" data-orig-file=\"https:\/\/aliens-project.de\/blog\/wp-content\/uploads\/2010\/11\/Ambient-Art-06.jpg\" data-orig-size=\"992,744\" data-comments-opened=\"1\" data-image-meta=\"{&quot;aperture&quot;:&quot;0&quot;,&quot;credit&quot;:&quot;&quot;,&quot;camera&quot;:&quot;&quot;,&quot;caption&quot;:&quot;&quot;,&quot;created_timestamp&quot;:&quot;0&quot;,&quot;copyright&quot;:&quot;&quot;,&quot;focal_length&quot;:&quot;0&quot;,&quot;iso&quot;:&quot;0&quot;,&quot;shutter_speed&quot;:&quot;0&quot;,&quot;title&quot;:&quot;&quot;}\" data-image-title=\"Ambient-Art-06\" data-image-description=\"\" data-medium-file=\"https:\/\/aliens-project.de\/blog\/wp-content\/uploads\/2010\/11\/Ambient-Art-06-300x225.jpg\" data-large-file=\"https:\/\/aliens-project.de\/blog\/wp-content\/uploads\/2010\/11\/Ambient-Art-06.jpg\" src=\"https:\/\/i0.wp.com\/aliens-project.de\/blog\/wp-content\/uploads\/2010\/11\/Ambient-Art-06.jpg?w=162&#038;h=122&#038;ssl=1\" srcset=\"https:\/\/aliens-project.de\/blog\/wp-content\/uploads\/2010\/11\/Ambient-Art-06.jpg 992w, https:\/\/aliens-project.de\/blog\/wp-content\/uploads\/2010\/11\/Ambient-Art-06-300x225.jpg 300w\" width=\"162\" height=\"122\" loading=\"lazy\" data-original-width=\"162\" data-original-height=\"122\" itemprop=\"http:\/\/schema.org\/image\" title=\"Ambient-Art-06\" alt=\"Ambient-Art-06\" style=\"width: 162px; height: 122px;\" \/> <\/a> <\/div> <\/div> <!-- close group --> <\/div> <!-- close row --> <div class=\"gallery-row\" style=\"width: 500px; height: 251px;\" data-original-width=\"500\" data-original-height=\"251\" > <div class=\"gallery-group images-2\" style=\"width: 166px; height: 251px;\" data-original-width=\"166\" data-original-height=\"251\" > <div class=\"tiled-gallery-item tiled-gallery-item-small\" itemprop=\"associatedMedia\" itemscope itemtype=\"http:\/\/schema.org\/ImageObject\"> <a href=\"https:\/\/aliens-project.de\/blog\/2010\/11\/08\/ambient-art-festival-innsbruck-erste-eindrucke\/ambient-art-07\/\" border=\"0\" itemprop=\"url\"> <meta itemprop=\"width\" content=\"162\"> <meta itemprop=\"height\" content=\"122\"> <img decoding=\"async\" class=\"\" data-attachment-id=\"10615\" data-orig-file=\"https:\/\/aliens-project.de\/blog\/wp-content\/uploads\/2010\/11\/Ambient-Art-07.jpg\" data-orig-size=\"992,744\" data-comments-opened=\"1\" data-image-meta=\"{&quot;aperture&quot;:&quot;0&quot;,&quot;credit&quot;:&quot;&quot;,&quot;camera&quot;:&quot;&quot;,&quot;caption&quot;:&quot;&quot;,&quot;created_timestamp&quot;:&quot;0&quot;,&quot;copyright&quot;:&quot;&quot;,&quot;focal_length&quot;:&quot;0&quot;,&quot;iso&quot;:&quot;0&quot;,&quot;shutter_speed&quot;:&quot;0&quot;,&quot;title&quot;:&quot;&quot;}\" data-image-title=\"Ambient-Art-07\" data-image-description=\"\" data-medium-file=\"https:\/\/aliens-project.de\/blog\/wp-content\/uploads\/2010\/11\/Ambient-Art-07-300x225.jpg\" data-large-file=\"https:\/\/aliens-project.de\/blog\/wp-content\/uploads\/2010\/11\/Ambient-Art-07.jpg\" src=\"https:\/\/i0.wp.com\/aliens-project.de\/blog\/wp-content\/uploads\/2010\/11\/Ambient-Art-07.jpg?w=162&#038;h=122&#038;ssl=1\" srcset=\"https:\/\/aliens-project.de\/blog\/wp-content\/uploads\/2010\/11\/Ambient-Art-07.jpg 992w, https:\/\/aliens-project.de\/blog\/wp-content\/uploads\/2010\/11\/Ambient-Art-07-300x225.jpg 300w\" width=\"162\" height=\"122\" loading=\"lazy\" data-original-width=\"162\" data-original-height=\"122\" itemprop=\"http:\/\/schema.org\/image\" title=\"Ambient-Art-07\" alt=\"Ambient-Art-07\" style=\"width: 162px; height: 122px;\" \/> <\/a> <\/div> <div class=\"tiled-gallery-item tiled-gallery-item-small\" itemprop=\"associatedMedia\" itemscope itemtype=\"http:\/\/schema.org\/ImageObject\"> <a href=\"https:\/\/aliens-project.de\/blog\/2010\/11\/08\/ambient-art-festival-innsbruck-erste-eindrucke\/ambient-art-08\/\" border=\"0\" itemprop=\"url\"> <meta itemprop=\"width\" content=\"162\"> <meta itemprop=\"height\" content=\"121\"> <img decoding=\"async\" class=\"\" data-attachment-id=\"10616\" data-orig-file=\"https:\/\/aliens-project.de\/blog\/wp-content\/uploads\/2010\/11\/Ambient-Art-08.jpg\" data-orig-size=\"992,744\" data-comments-opened=\"1\" data-image-meta=\"{&quot;aperture&quot;:&quot;0&quot;,&quot;credit&quot;:&quot;&quot;,&quot;camera&quot;:&quot;&quot;,&quot;caption&quot;:&quot;&quot;,&quot;created_timestamp&quot;:&quot;0&quot;,&quot;copyright&quot;:&quot;&quot;,&quot;focal_length&quot;:&quot;0&quot;,&quot;iso&quot;:&quot;0&quot;,&quot;shutter_speed&quot;:&quot;0&quot;,&quot;title&quot;:&quot;&quot;}\" data-image-title=\"Ambient-Art-08\" data-image-description=\"\" data-medium-file=\"https:\/\/aliens-project.de\/blog\/wp-content\/uploads\/2010\/11\/Ambient-Art-08-300x225.jpg\" data-large-file=\"https:\/\/aliens-project.de\/blog\/wp-content\/uploads\/2010\/11\/Ambient-Art-08.jpg\" src=\"https:\/\/i0.wp.com\/aliens-project.de\/blog\/wp-content\/uploads\/2010\/11\/Ambient-Art-08.jpg?w=162&#038;h=121&#038;ssl=1\" srcset=\"https:\/\/aliens-project.de\/blog\/wp-content\/uploads\/2010\/11\/Ambient-Art-08.jpg 992w, https:\/\/aliens-project.de\/blog\/wp-content\/uploads\/2010\/11\/Ambient-Art-08-300x225.jpg 300w\" width=\"162\" height=\"121\" loading=\"lazy\" data-original-width=\"162\" data-original-height=\"121\" itemprop=\"http:\/\/schema.org\/image\" title=\"Ambient-Art-08\" alt=\"Ambient-Art-08\" style=\"width: 162px; height: 121px;\" \/> <\/a> <\/div> <\/div> <!-- close group --> <div class=\"gallery-group images-1\" style=\"width: 334px; height: 251px;\" data-original-width=\"334\" data-original-height=\"251\" > <div class=\"tiled-gallery-item tiled-gallery-item-large\" itemprop=\"associatedMedia\" itemscope itemtype=\"http:\/\/schema.org\/ImageObject\"> <a href=\"https:\/\/aliens-project.de\/blog\/2010\/11\/08\/ambient-art-festival-innsbruck-erste-eindrucke\/ambient-art-09\/\" border=\"0\" itemprop=\"url\"> <meta itemprop=\"width\" content=\"330\"> <meta itemprop=\"height\" content=\"247\"> <img decoding=\"async\" class=\"\" data-attachment-id=\"10617\" data-orig-file=\"https:\/\/aliens-project.de\/blog\/wp-content\/uploads\/2010\/11\/Ambient-Art-09.jpg\" data-orig-size=\"992,744\" data-comments-opened=\"1\" data-image-meta=\"{&quot;aperture&quot;:&quot;0&quot;,&quot;credit&quot;:&quot;&quot;,&quot;camera&quot;:&quot;&quot;,&quot;caption&quot;:&quot;&quot;,&quot;created_timestamp&quot;:&quot;0&quot;,&quot;copyright&quot;:&quot;&quot;,&quot;focal_length&quot;:&quot;0&quot;,&quot;iso&quot;:&quot;0&quot;,&quot;shutter_speed&quot;:&quot;0&quot;,&quot;title&quot;:&quot;&quot;}\" data-image-title=\"Ambient-Art-09\" data-image-description=\"\" data-medium-file=\"https:\/\/aliens-project.de\/blog\/wp-content\/uploads\/2010\/11\/Ambient-Art-09-300x225.jpg\" data-large-file=\"https:\/\/aliens-project.de\/blog\/wp-content\/uploads\/2010\/11\/Ambient-Art-09.jpg\" src=\"https:\/\/i0.wp.com\/aliens-project.de\/blog\/wp-content\/uploads\/2010\/11\/Ambient-Art-09.jpg?w=330&#038;h=247&#038;ssl=1\" srcset=\"https:\/\/aliens-project.de\/blog\/wp-content\/uploads\/2010\/11\/Ambient-Art-09.jpg 992w, https:\/\/aliens-project.de\/blog\/wp-content\/uploads\/2010\/11\/Ambient-Art-09-300x225.jpg 300w\" width=\"330\" height=\"247\" loading=\"lazy\" data-original-width=\"330\" data-original-height=\"247\" itemprop=\"http:\/\/schema.org\/image\" title=\"Ambient-Art-09\" alt=\"Ambient-Art-09\" style=\"width: 330px; height: 247px;\" \/> <\/a> <\/div> <\/div> <!-- close group --> <\/div> <!-- close row --> <div class=\"gallery-row\" style=\"width: 500px; height: 189px;\" data-original-width=\"500\" data-original-height=\"189\" > <div class=\"gallery-group images-1\" style=\"width: 250px; height: 189px;\" data-original-width=\"250\" data-original-height=\"189\" > <div class=\"tiled-gallery-item tiled-gallery-item-small\" itemprop=\"associatedMedia\" itemscope itemtype=\"http:\/\/schema.org\/ImageObject\"> <a href=\"https:\/\/aliens-project.de\/blog\/2010\/11\/08\/ambient-art-festival-innsbruck-erste-eindrucke\/ambient-art-10\/\" border=\"0\" itemprop=\"url\"> <meta itemprop=\"width\" content=\"246\"> <meta itemprop=\"height\" content=\"185\"> <img decoding=\"async\" class=\"\" data-attachment-id=\"10618\" data-orig-file=\"https:\/\/aliens-project.de\/blog\/wp-content\/uploads\/2010\/11\/Ambient-Art-10.jpg\" data-orig-size=\"992,744\" data-comments-opened=\"1\" data-image-meta=\"{&quot;aperture&quot;:&quot;0&quot;,&quot;credit&quot;:&quot;&quot;,&quot;camera&quot;:&quot;&quot;,&quot;caption&quot;:&quot;&quot;,&quot;created_timestamp&quot;:&quot;0&quot;,&quot;copyright&quot;:&quot;&quot;,&quot;focal_length&quot;:&quot;0&quot;,&quot;iso&quot;:&quot;0&quot;,&quot;shutter_speed&quot;:&quot;0&quot;,&quot;title&quot;:&quot;&quot;}\" data-image-title=\"Ambient-Art-10\" data-image-description=\"\" data-medium-file=\"https:\/\/aliens-project.de\/blog\/wp-content\/uploads\/2010\/11\/Ambient-Art-10-300x225.jpg\" data-large-file=\"https:\/\/aliens-project.de\/blog\/wp-content\/uploads\/2010\/11\/Ambient-Art-10.jpg\" src=\"https:\/\/i0.wp.com\/aliens-project.de\/blog\/wp-content\/uploads\/2010\/11\/Ambient-Art-10.jpg?w=246&#038;h=185&#038;ssl=1\" srcset=\"https:\/\/aliens-project.de\/blog\/wp-content\/uploads\/2010\/11\/Ambient-Art-10.jpg 992w, https:\/\/aliens-project.de\/blog\/wp-content\/uploads\/2010\/11\/Ambient-Art-10-300x225.jpg 300w\" width=\"246\" height=\"185\" loading=\"lazy\" data-original-width=\"246\" data-original-height=\"185\" itemprop=\"http:\/\/schema.org\/image\" title=\"Ambient-Art-10\" alt=\"Ambient-Art-10\" style=\"width: 246px; height: 185px;\" \/> <\/a> <\/div> <\/div> <!-- close group --> <div class=\"gallery-group images-1\" style=\"width: 250px; height: 189px;\" data-original-width=\"250\" data-original-height=\"189\" > <div class=\"tiled-gallery-item tiled-gallery-item-small\" itemprop=\"associatedMedia\" itemscope itemtype=\"http:\/\/schema.org\/ImageObject\"> <a href=\"https:\/\/aliens-project.de\/blog\/2010\/11\/08\/ambient-art-festival-innsbruck-erste-eindrucke\/ambient-art-11\/\" border=\"0\" itemprop=\"url\"> <meta itemprop=\"width\" content=\"246\"> <meta itemprop=\"height\" content=\"185\"> <img decoding=\"async\" class=\"\" data-attachment-id=\"10619\" data-orig-file=\"https:\/\/aliens-project.de\/blog\/wp-content\/uploads\/2010\/11\/Ambient-Art-11.jpg\" data-orig-size=\"992,744\" data-comments-opened=\"1\" data-image-meta=\"{&quot;aperture&quot;:&quot;0&quot;,&quot;credit&quot;:&quot;&quot;,&quot;camera&quot;:&quot;&quot;,&quot;caption&quot;:&quot;&quot;,&quot;created_timestamp&quot;:&quot;0&quot;,&quot;copyright&quot;:&quot;&quot;,&quot;focal_length&quot;:&quot;0&quot;,&quot;iso&quot;:&quot;0&quot;,&quot;shutter_speed&quot;:&quot;0&quot;,&quot;title&quot;:&quot;&quot;}\" data-image-title=\"Ambient-Art-11\" data-image-description=\"\" data-medium-file=\"https:\/\/aliens-project.de\/blog\/wp-content\/uploads\/2010\/11\/Ambient-Art-11-300x225.jpg\" data-large-file=\"https:\/\/aliens-project.de\/blog\/wp-content\/uploads\/2010\/11\/Ambient-Art-11.jpg\" src=\"https:\/\/i0.wp.com\/aliens-project.de\/blog\/wp-content\/uploads\/2010\/11\/Ambient-Art-11.jpg?w=246&#038;h=185&#038;ssl=1\" srcset=\"https:\/\/aliens-project.de\/blog\/wp-content\/uploads\/2010\/11\/Ambient-Art-11.jpg 992w, https:\/\/aliens-project.de\/blog\/wp-content\/uploads\/2010\/11\/Ambient-Art-11-300x225.jpg 300w\" width=\"246\" height=\"185\" loading=\"lazy\" data-original-width=\"246\" data-original-height=\"185\" itemprop=\"http:\/\/schema.org\/image\" title=\"Ambient-Art-11\" alt=\"Ambient-Art-11\" style=\"width: 246px; height: 185px;\" \/> <\/a> <\/div> <\/div> <!-- close group --> <\/div> <!-- close row --> <div class=\"gallery-row\" style=\"width: 500px; height: 251px;\" data-original-width=\"500\" data-original-height=\"251\" > <div class=\"gallery-group images-1\" style=\"width: 334px; height: 251px;\" data-original-width=\"334\" data-original-height=\"251\" > <div class=\"tiled-gallery-item tiled-gallery-item-large\" itemprop=\"associatedMedia\" itemscope itemtype=\"http:\/\/schema.org\/ImageObject\"> <a href=\"https:\/\/aliens-project.de\/blog\/2010\/11\/08\/ambient-art-festival-innsbruck-erste-eindrucke\/ambient-art-12\/\" border=\"0\" itemprop=\"url\"> <meta itemprop=\"width\" content=\"330\"> <meta itemprop=\"height\" content=\"247\"> <img decoding=\"async\" class=\"\" data-attachment-id=\"10620\" data-orig-file=\"https:\/\/aliens-project.de\/blog\/wp-content\/uploads\/2010\/11\/Ambient-Art-12.jpg\" data-orig-size=\"992,744\" data-comments-opened=\"1\" data-image-meta=\"{&quot;aperture&quot;:&quot;0&quot;,&quot;credit&quot;:&quot;&quot;,&quot;camera&quot;:&quot;&quot;,&quot;caption&quot;:&quot;&quot;,&quot;created_timestamp&quot;:&quot;0&quot;,&quot;copyright&quot;:&quot;&quot;,&quot;focal_length&quot;:&quot;0&quot;,&quot;iso&quot;:&quot;0&quot;,&quot;shutter_speed&quot;:&quot;0&quot;,&quot;title&quot;:&quot;&quot;}\" data-image-title=\"Ambient-Art-12\" data-image-description=\"\" data-medium-file=\"https:\/\/aliens-project.de\/blog\/wp-content\/uploads\/2010\/11\/Ambient-Art-12-300x225.jpg\" data-large-file=\"https:\/\/aliens-project.de\/blog\/wp-content\/uploads\/2010\/11\/Ambient-Art-12.jpg\" src=\"https:\/\/i0.wp.com\/aliens-project.de\/blog\/wp-content\/uploads\/2010\/11\/Ambient-Art-12.jpg?w=330&#038;h=247&#038;ssl=1\" srcset=\"https:\/\/aliens-project.de\/blog\/wp-content\/uploads\/2010\/11\/Ambient-Art-12.jpg 992w, https:\/\/aliens-project.de\/blog\/wp-content\/uploads\/2010\/11\/Ambient-Art-12-300x225.jpg 300w\" width=\"330\" height=\"247\" loading=\"lazy\" data-original-width=\"330\" data-original-height=\"247\" itemprop=\"http:\/\/schema.org\/image\" title=\"Ambient-Art-12\" alt=\"Ambient-Art-12\" style=\"width: 330px; height: 247px;\" \/> <\/a> <\/div> <\/div> <!-- close group --> <div class=\"gallery-group images-2\" style=\"width: 166px; height: 251px;\" data-original-width=\"166\" data-original-height=\"251\" > <div class=\"tiled-gallery-item tiled-gallery-item-small\" itemprop=\"associatedMedia\" itemscope itemtype=\"http:\/\/schema.org\/ImageObject\"> <a href=\"https:\/\/aliens-project.de\/blog\/2010\/11\/08\/ambient-art-festival-innsbruck-erste-eindrucke\/ambient-art-13\/\" border=\"0\" itemprop=\"url\"> <meta itemprop=\"width\" content=\"162\"> <meta itemprop=\"height\" content=\"122\"> <img decoding=\"async\" class=\"\" data-attachment-id=\"10621\" data-orig-file=\"https:\/\/aliens-project.de\/blog\/wp-content\/uploads\/2010\/11\/Ambient-Art-13.jpg\" data-orig-size=\"992,744\" data-comments-opened=\"1\" data-image-meta=\"{&quot;aperture&quot;:&quot;0&quot;,&quot;credit&quot;:&quot;&quot;,&quot;camera&quot;:&quot;&quot;,&quot;caption&quot;:&quot;&quot;,&quot;created_timestamp&quot;:&quot;0&quot;,&quot;copyright&quot;:&quot;&quot;,&quot;focal_length&quot;:&quot;0&quot;,&quot;iso&quot;:&quot;0&quot;,&quot;shutter_speed&quot;:&quot;0&quot;,&quot;title&quot;:&quot;&quot;}\" data-image-title=\"Ambient-Art-13\" data-image-description=\"\" data-medium-file=\"https:\/\/aliens-project.de\/blog\/wp-content\/uploads\/2010\/11\/Ambient-Art-13-300x225.jpg\" data-large-file=\"https:\/\/aliens-project.de\/blog\/wp-content\/uploads\/2010\/11\/Ambient-Art-13.jpg\" src=\"https:\/\/i0.wp.com\/aliens-project.de\/blog\/wp-content\/uploads\/2010\/11\/Ambient-Art-13.jpg?w=162&#038;h=122&#038;ssl=1\" srcset=\"https:\/\/aliens-project.de\/blog\/wp-content\/uploads\/2010\/11\/Ambient-Art-13.jpg 992w, https:\/\/aliens-project.de\/blog\/wp-content\/uploads\/2010\/11\/Ambient-Art-13-300x225.jpg 300w\" width=\"162\" height=\"122\" loading=\"lazy\" data-original-width=\"162\" data-original-height=\"122\" itemprop=\"http:\/\/schema.org\/image\" title=\"Ambient-Art-13\" alt=\"Ambient-Art-13\" style=\"width: 162px; height: 122px;\" \/> <\/a> <\/div> <div class=\"tiled-gallery-item tiled-gallery-item-small\" itemprop=\"associatedMedia\" itemscope itemtype=\"http:\/\/schema.org\/ImageObject\"> <a href=\"https:\/\/aliens-project.de\/blog\/2010\/11\/08\/ambient-art-festival-innsbruck-erste-eindrucke\/ambient-art-14\/\" border=\"0\" itemprop=\"url\"> <meta itemprop=\"width\" content=\"162\"> <meta itemprop=\"height\" content=\"121\"> <img decoding=\"async\" class=\"\" data-attachment-id=\"10622\" data-orig-file=\"https:\/\/aliens-project.de\/blog\/wp-content\/uploads\/2010\/11\/Ambient-Art-14.jpg\" data-orig-size=\"992,744\" data-comments-opened=\"1\" data-image-meta=\"{&quot;aperture&quot;:&quot;0&quot;,&quot;credit&quot;:&quot;&quot;,&quot;camera&quot;:&quot;&quot;,&quot;caption&quot;:&quot;&quot;,&quot;created_timestamp&quot;:&quot;0&quot;,&quot;copyright&quot;:&quot;&quot;,&quot;focal_length&quot;:&quot;0&quot;,&quot;iso&quot;:&quot;0&quot;,&quot;shutter_speed&quot;:&quot;0&quot;,&quot;title&quot;:&quot;&quot;}\" data-image-title=\"Ambient-Art-14\" data-image-description=\"\" data-medium-file=\"https:\/\/aliens-project.de\/blog\/wp-content\/uploads\/2010\/11\/Ambient-Art-14-300x225.jpg\" data-large-file=\"https:\/\/aliens-project.de\/blog\/wp-content\/uploads\/2010\/11\/Ambient-Art-14.jpg\" src=\"https:\/\/i0.wp.com\/aliens-project.de\/blog\/wp-content\/uploads\/2010\/11\/Ambient-Art-14.jpg?w=162&#038;h=121&#038;ssl=1\" srcset=\"https:\/\/aliens-project.de\/blog\/wp-content\/uploads\/2010\/11\/Ambient-Art-14.jpg 992w, https:\/\/aliens-project.de\/blog\/wp-content\/uploads\/2010\/11\/Ambient-Art-14-300x225.jpg 300w\" width=\"162\" height=\"121\" loading=\"lazy\" data-original-width=\"162\" data-original-height=\"121\" itemprop=\"http:\/\/schema.org\/image\" title=\"Ambient-Art-14\" alt=\"Ambient-Art-14\" style=\"width: 162px; height: 121px;\" \/> <\/a> <\/div> <\/div> <!-- close group --> <\/div> <!-- close row --> <div class=\"gallery-row\" style=\"width: 500px; height: 419px;\" data-original-width=\"500\" data-original-height=\"419\" > <div class=\"gallery-group images-3\" style=\"width: 185px; height: 419px;\" data-original-width=\"185\" data-original-height=\"419\" > <div class=\"tiled-gallery-item tiled-gallery-item-small\" itemprop=\"associatedMedia\" itemscope itemtype=\"http:\/\/schema.org\/ImageObject\"> <a href=\"https:\/\/aliens-project.de\/blog\/2010\/11\/08\/ambient-art-festival-innsbruck-erste-eindrucke\/ambient-art-15\/\" border=\"0\" itemprop=\"url\"> <meta itemprop=\"width\" content=\"181\"> <meta itemprop=\"height\" content=\"136\"> <img decoding=\"async\" class=\"\" data-attachment-id=\"10623\" data-orig-file=\"https:\/\/aliens-project.de\/blog\/wp-content\/uploads\/2010\/11\/Ambient-Art-15.jpg\" data-orig-size=\"992,744\" data-comments-opened=\"1\" data-image-meta=\"{&quot;aperture&quot;:&quot;0&quot;,&quot;credit&quot;:&quot;&quot;,&quot;camera&quot;:&quot;&quot;,&quot;caption&quot;:&quot;&quot;,&quot;created_timestamp&quot;:&quot;0&quot;,&quot;copyright&quot;:&quot;&quot;,&quot;focal_length&quot;:&quot;0&quot;,&quot;iso&quot;:&quot;0&quot;,&quot;shutter_speed&quot;:&quot;0&quot;,&quot;title&quot;:&quot;&quot;}\" data-image-title=\"Ambient-Art-15\" data-image-description=\"\" data-medium-file=\"https:\/\/aliens-project.de\/blog\/wp-content\/uploads\/2010\/11\/Ambient-Art-15-300x225.jpg\" data-large-file=\"https:\/\/aliens-project.de\/blog\/wp-content\/uploads\/2010\/11\/Ambient-Art-15.jpg\" src=\"https:\/\/i0.wp.com\/aliens-project.de\/blog\/wp-content\/uploads\/2010\/11\/Ambient-Art-15.jpg?w=181&#038;h=136&#038;ssl=1\" srcset=\"https:\/\/aliens-project.de\/blog\/wp-content\/uploads\/2010\/11\/Ambient-Art-15.jpg 992w, https:\/\/aliens-project.de\/blog\/wp-content\/uploads\/2010\/11\/Ambient-Art-15-300x225.jpg 300w\" width=\"181\" height=\"136\" loading=\"lazy\" data-original-width=\"181\" data-original-height=\"136\" itemprop=\"http:\/\/schema.org\/image\" title=\"Ambient-Art-15\" alt=\"Ambient-Art-15\" style=\"width: 181px; height: 136px;\" \/> <\/a> <\/div> <div class=\"tiled-gallery-item tiled-gallery-item-small\" itemprop=\"associatedMedia\" itemscope itemtype=\"http:\/\/schema.org\/ImageObject\"> <a href=\"https:\/\/aliens-project.de\/blog\/2010\/11\/08\/ambient-art-festival-innsbruck-erste-eindrucke\/ambient-art-16\/\" border=\"0\" itemprop=\"url\"> <meta itemprop=\"width\" content=\"181\"> <meta itemprop=\"height\" content=\"136\"> <img decoding=\"async\" class=\"\" data-attachment-id=\"10624\" data-orig-file=\"https:\/\/aliens-project.de\/blog\/wp-content\/uploads\/2010\/11\/Ambient-Art-16.jpg\" data-orig-size=\"992,744\" data-comments-opened=\"1\" data-image-meta=\"{&quot;aperture&quot;:&quot;0&quot;,&quot;credit&quot;:&quot;&quot;,&quot;camera&quot;:&quot;&quot;,&quot;caption&quot;:&quot;&quot;,&quot;created_timestamp&quot;:&quot;0&quot;,&quot;copyright&quot;:&quot;&quot;,&quot;focal_length&quot;:&quot;0&quot;,&quot;iso&quot;:&quot;0&quot;,&quot;shutter_speed&quot;:&quot;0&quot;,&quot;title&quot;:&quot;&quot;}\" data-image-title=\"Ambient-Art-16\" data-image-description=\"\" data-medium-file=\"https:\/\/aliens-project.de\/blog\/wp-content\/uploads\/2010\/11\/Ambient-Art-16-300x225.jpg\" data-large-file=\"https:\/\/aliens-project.de\/blog\/wp-content\/uploads\/2010\/11\/Ambient-Art-16.jpg\" src=\"https:\/\/i0.wp.com\/aliens-project.de\/blog\/wp-content\/uploads\/2010\/11\/Ambient-Art-16.jpg?w=181&#038;h=136&#038;ssl=1\" srcset=\"https:\/\/aliens-project.de\/blog\/wp-content\/uploads\/2010\/11\/Ambient-Art-16.jpg 992w, https:\/\/aliens-project.de\/blog\/wp-content\/uploads\/2010\/11\/Ambient-Art-16-300x225.jpg 300w\" width=\"181\" height=\"136\" loading=\"lazy\" data-original-width=\"181\" data-original-height=\"136\" itemprop=\"http:\/\/schema.org\/image\" title=\"Ambient-Art-16\" alt=\"Ambient-Art-16\" style=\"width: 181px; height: 136px;\" \/> <\/a> <\/div> <div class=\"tiled-gallery-item tiled-gallery-item-small\" itemprop=\"associatedMedia\" itemscope itemtype=\"http:\/\/schema.org\/ImageObject\"> <a href=\"https:\/\/aliens-project.de\/blog\/2010\/11\/08\/ambient-art-festival-innsbruck-erste-eindrucke\/ambient-art-17\/\" border=\"0\" itemprop=\"url\"> <meta itemprop=\"width\" content=\"181\"> <meta itemprop=\"height\" content=\"135\"> <img decoding=\"async\" class=\"\" data-attachment-id=\"10625\" data-orig-file=\"https:\/\/aliens-project.de\/blog\/wp-content\/uploads\/2010\/11\/Ambient-Art-17.jpg\" data-orig-size=\"992,744\" data-comments-opened=\"1\" data-image-meta=\"{&quot;aperture&quot;:&quot;0&quot;,&quot;credit&quot;:&quot;&quot;,&quot;camera&quot;:&quot;&quot;,&quot;caption&quot;:&quot;&quot;,&quot;created_timestamp&quot;:&quot;0&quot;,&quot;copyright&quot;:&quot;&quot;,&quot;focal_length&quot;:&quot;0&quot;,&quot;iso&quot;:&quot;0&quot;,&quot;shutter_speed&quot;:&quot;0&quot;,&quot;title&quot;:&quot;&quot;}\" data-image-title=\"Ambient-Art-17\" data-image-description=\"\" data-medium-file=\"https:\/\/aliens-project.de\/blog\/wp-content\/uploads\/2010\/11\/Ambient-Art-17-300x225.jpg\" data-large-file=\"https:\/\/aliens-project.de\/blog\/wp-content\/uploads\/2010\/11\/Ambient-Art-17.jpg\" src=\"https:\/\/i0.wp.com\/aliens-project.de\/blog\/wp-content\/uploads\/2010\/11\/Ambient-Art-17.jpg?w=181&#038;h=135&#038;ssl=1\" srcset=\"https:\/\/aliens-project.de\/blog\/wp-content\/uploads\/2010\/11\/Ambient-Art-17.jpg 992w, https:\/\/aliens-project.de\/blog\/wp-content\/uploads\/2010\/11\/Ambient-Art-17-300x225.jpg 300w\" width=\"181\" height=\"135\" loading=\"lazy\" data-original-width=\"181\" data-original-height=\"135\" itemprop=\"http:\/\/schema.org\/image\" title=\"Ambient-Art-17\" alt=\"Ambient-Art-17\" style=\"width: 181px; height: 135px;\" \/> <\/a> <\/div> <\/div> <!-- close group --> <div class=\"gallery-group images-1\" style=\"width: 315px; height: 419px;\" data-original-width=\"315\" data-original-height=\"419\" > <div class=\"tiled-gallery-item tiled-gallery-item-large\" itemprop=\"associatedMedia\" itemscope itemtype=\"http:\/\/schema.org\/ImageObject\"> <a href=\"https:\/\/aliens-project.de\/blog\/2010\/11\/08\/ambient-art-festival-innsbruck-erste-eindrucke\/ambient-art-18\/\" border=\"0\" itemprop=\"url\"> <meta itemprop=\"width\" content=\"311\"> <meta itemprop=\"height\" content=\"415\"> <img decoding=\"async\" class=\"\" data-attachment-id=\"10626\" data-orig-file=\"https:\/\/aliens-project.de\/blog\/wp-content\/uploads\/2010\/11\/Ambient-Art-18.jpg\" data-orig-size=\"744,992\" data-comments-opened=\"1\" data-image-meta=\"{&quot;aperture&quot;:&quot;0&quot;,&quot;credit&quot;:&quot;&quot;,&quot;camera&quot;:&quot;&quot;,&quot;caption&quot;:&quot;&quot;,&quot;created_timestamp&quot;:&quot;0&quot;,&quot;copyright&quot;:&quot;&quot;,&quot;focal_length&quot;:&quot;0&quot;,&quot;iso&quot;:&quot;0&quot;,&quot;shutter_speed&quot;:&quot;0&quot;,&quot;title&quot;:&quot;&quot;}\" data-image-title=\"Ambient-Art-18\" data-image-description=\"\" data-medium-file=\"https:\/\/aliens-project.de\/blog\/wp-content\/uploads\/2010\/11\/Ambient-Art-18-225x300.jpg\" data-large-file=\"https:\/\/aliens-project.de\/blog\/wp-content\/uploads\/2010\/11\/Ambient-Art-18.jpg\" src=\"https:\/\/i0.wp.com\/aliens-project.de\/blog\/wp-content\/uploads\/2010\/11\/Ambient-Art-18.jpg?w=311&#038;h=415&#038;ssl=1\" srcset=\"https:\/\/aliens-project.de\/blog\/wp-content\/uploads\/2010\/11\/Ambient-Art-18.jpg 744w, https:\/\/aliens-project.de\/blog\/wp-content\/uploads\/2010\/11\/Ambient-Art-18-225x300.jpg 225w\" width=\"311\" height=\"415\" loading=\"lazy\" data-original-width=\"311\" data-original-height=\"415\" itemprop=\"http:\/\/schema.org\/image\" title=\"Ambient-Art-18\" alt=\"Ambient-Art-18\" style=\"width: 311px; height: 415px;\" \/> <\/a> <\/div> <\/div> <!-- close group --> <\/div> <!-- close row --> <div class=\"gallery-row\" style=\"width: 500px; height: 147px;\" data-original-width=\"500\" data-original-height=\"147\" > <div class=\"gallery-group images-1\" style=\"width: 195px; height: 147px;\" data-original-width=\"195\" data-original-height=\"147\" > <div class=\"tiled-gallery-item tiled-gallery-item-small\" itemprop=\"associatedMedia\" itemscope itemtype=\"http:\/\/schema.org\/ImageObject\"> <a href=\"https:\/\/aliens-project.de\/blog\/2010\/11\/08\/ambient-art-festival-innsbruck-erste-eindrucke\/ambient-art-19\/\" border=\"0\" itemprop=\"url\"> <meta itemprop=\"width\" content=\"191\"> <meta itemprop=\"height\" content=\"143\"> <img decoding=\"async\" class=\"\" data-attachment-id=\"10627\" data-orig-file=\"https:\/\/aliens-project.de\/blog\/wp-content\/uploads\/2010\/11\/Ambient-Art-19.jpg\" data-orig-size=\"992,744\" data-comments-opened=\"1\" data-image-meta=\"{&quot;aperture&quot;:&quot;0&quot;,&quot;credit&quot;:&quot;&quot;,&quot;camera&quot;:&quot;&quot;,&quot;caption&quot;:&quot;&quot;,&quot;created_timestamp&quot;:&quot;0&quot;,&quot;copyright&quot;:&quot;&quot;,&quot;focal_length&quot;:&quot;0&quot;,&quot;iso&quot;:&quot;0&quot;,&quot;shutter_speed&quot;:&quot;0&quot;,&quot;title&quot;:&quot;&quot;}\" data-image-title=\"Ambient-Art-19\" data-image-description=\"\" data-medium-file=\"https:\/\/aliens-project.de\/blog\/wp-content\/uploads\/2010\/11\/Ambient-Art-19-300x225.jpg\" data-large-file=\"https:\/\/aliens-project.de\/blog\/wp-content\/uploads\/2010\/11\/Ambient-Art-19.jpg\" src=\"https:\/\/i0.wp.com\/aliens-project.de\/blog\/wp-content\/uploads\/2010\/11\/Ambient-Art-19.jpg?w=191&#038;h=143&#038;ssl=1\" srcset=\"https:\/\/aliens-project.de\/blog\/wp-content\/uploads\/2010\/11\/Ambient-Art-19.jpg 992w, https:\/\/aliens-project.de\/blog\/wp-content\/uploads\/2010\/11\/Ambient-Art-19-300x225.jpg 300w\" width=\"191\" height=\"143\" loading=\"lazy\" data-original-width=\"191\" data-original-height=\"143\" itemprop=\"http:\/\/schema.org\/image\" title=\"Ambient-Art-19\" alt=\"Ambient-Art-19\" style=\"width: 191px; height: 143px;\" \/> <\/a> <\/div> <\/div> <!-- close group --> <div class=\"gallery-group images-1\" style=\"width: 111px; height: 147px;\" data-original-width=\"111\" data-original-height=\"147\" > <div class=\"tiled-gallery-item tiled-gallery-item-small\" itemprop=\"associatedMedia\" itemscope itemtype=\"http:\/\/schema.org\/ImageObject\"> <a href=\"https:\/\/aliens-project.de\/blog\/2010\/11\/08\/ambient-art-festival-innsbruck-erste-eindrucke\/ambient-art-20\/\" border=\"0\" itemprop=\"url\"> <meta itemprop=\"width\" content=\"107\"> <meta itemprop=\"height\" content=\"143\"> <img decoding=\"async\" class=\"\" data-attachment-id=\"10628\" data-orig-file=\"https:\/\/aliens-project.de\/blog\/wp-content\/uploads\/2010\/11\/Ambient-Art-20.jpg\" data-orig-size=\"744,992\" data-comments-opened=\"1\" data-image-meta=\"{&quot;aperture&quot;:&quot;0&quot;,&quot;credit&quot;:&quot;&quot;,&quot;camera&quot;:&quot;&quot;,&quot;caption&quot;:&quot;&quot;,&quot;created_timestamp&quot;:&quot;0&quot;,&quot;copyright&quot;:&quot;&quot;,&quot;focal_length&quot;:&quot;0&quot;,&quot;iso&quot;:&quot;0&quot;,&quot;shutter_speed&quot;:&quot;0&quot;,&quot;title&quot;:&quot;&quot;}\" data-image-title=\"Ambient-Art-20\" data-image-description=\"\" data-medium-file=\"https:\/\/aliens-project.de\/blog\/wp-content\/uploads\/2010\/11\/Ambient-Art-20-225x300.jpg\" data-large-file=\"https:\/\/aliens-project.de\/blog\/wp-content\/uploads\/2010\/11\/Ambient-Art-20.jpg\" src=\"https:\/\/i0.wp.com\/aliens-project.de\/blog\/wp-content\/uploads\/2010\/11\/Ambient-Art-20.jpg?w=107&#038;h=143&#038;ssl=1\" srcset=\"https:\/\/aliens-project.de\/blog\/wp-content\/uploads\/2010\/11\/Ambient-Art-20.jpg 744w, https:\/\/aliens-project.de\/blog\/wp-content\/uploads\/2010\/11\/Ambient-Art-20-225x300.jpg 225w\" width=\"107\" height=\"143\" loading=\"lazy\" data-original-width=\"107\" data-original-height=\"143\" itemprop=\"http:\/\/schema.org\/image\" title=\"Ambient-Art-20\" alt=\"Ambient-Art-20\" style=\"width: 107px; height: 143px;\" \/> <\/a> <\/div> <\/div> <!-- close group --> <div class=\"gallery-group images-1\" style=\"width: 194px; height: 147px;\" data-original-width=\"194\" data-original-height=\"147\" > <div class=\"tiled-gallery-item tiled-gallery-item-small\" itemprop=\"associatedMedia\" itemscope itemtype=\"http:\/\/schema.org\/ImageObject\"> <a href=\"https:\/\/aliens-project.de\/blog\/2010\/11\/08\/ambient-art-festival-innsbruck-erste-eindrucke\/ambient-art-21\/\" border=\"0\" itemprop=\"url\"> <meta itemprop=\"width\" content=\"190\"> <meta itemprop=\"height\" content=\"143\"> <img decoding=\"async\" class=\"\" data-attachment-id=\"10629\" data-orig-file=\"https:\/\/aliens-project.de\/blog\/wp-content\/uploads\/2010\/11\/Ambient-Art-21.jpg\" data-orig-size=\"992,744\" data-comments-opened=\"1\" data-image-meta=\"{&quot;aperture&quot;:&quot;0&quot;,&quot;credit&quot;:&quot;&quot;,&quot;camera&quot;:&quot;&quot;,&quot;caption&quot;:&quot;&quot;,&quot;created_timestamp&quot;:&quot;0&quot;,&quot;copyright&quot;:&quot;&quot;,&quot;focal_length&quot;:&quot;0&quot;,&quot;iso&quot;:&quot;0&quot;,&quot;shutter_speed&quot;:&quot;0&quot;,&quot;title&quot;:&quot;&quot;}\" data-image-title=\"Ambient-Art-21\" data-image-description=\"\" data-medium-file=\"https:\/\/aliens-project.de\/blog\/wp-content\/uploads\/2010\/11\/Ambient-Art-21-300x225.jpg\" data-large-file=\"https:\/\/aliens-project.de\/blog\/wp-content\/uploads\/2010\/11\/Ambient-Art-21.jpg\" src=\"https:\/\/i0.wp.com\/aliens-project.de\/blog\/wp-content\/uploads\/2010\/11\/Ambient-Art-21.jpg?w=190&#038;h=143&#038;ssl=1\" srcset=\"https:\/\/aliens-project.de\/blog\/wp-content\/uploads\/2010\/11\/Ambient-Art-21.jpg 992w, https:\/\/aliens-project.de\/blog\/wp-content\/uploads\/2010\/11\/Ambient-Art-21-300x225.jpg 300w\" width=\"190\" height=\"143\" loading=\"lazy\" data-original-width=\"190\" data-original-height=\"143\" itemprop=\"http:\/\/schema.org\/image\" title=\"Ambient-Art-21\" alt=\"Ambient-Art-21\" style=\"width: 190px; height: 143px;\" \/> <\/a> <\/div> <\/div> <!-- close group --> <\/div> <!-- close row --> <div class=\"gallery-row\" style=\"width: 500px; height: 419px;\" data-original-width=\"500\" data-original-height=\"419\" > <div class=\"gallery-group images-1\" style=\"width: 315px; height: 419px;\" data-original-width=\"315\" data-original-height=\"419\" > <div class=\"tiled-gallery-item tiled-gallery-item-large\" itemprop=\"associatedMedia\" itemscope itemtype=\"http:\/\/schema.org\/ImageObject\"> <a href=\"https:\/\/aliens-project.de\/blog\/2010\/11\/08\/ambient-art-festival-innsbruck-erste-eindrucke\/ambient-art-22\/\" border=\"0\" itemprop=\"url\"> <meta itemprop=\"width\" content=\"311\"> <meta itemprop=\"height\" content=\"415\"> <img decoding=\"async\" class=\"\" data-attachment-id=\"10630\" data-orig-file=\"https:\/\/aliens-project.de\/blog\/wp-content\/uploads\/2010\/11\/Ambient-Art-22.jpg\" data-orig-size=\"744,992\" data-comments-opened=\"1\" data-image-meta=\"{&quot;aperture&quot;:&quot;0&quot;,&quot;credit&quot;:&quot;&quot;,&quot;camera&quot;:&quot;&quot;,&quot;caption&quot;:&quot;&quot;,&quot;created_timestamp&quot;:&quot;0&quot;,&quot;copyright&quot;:&quot;&quot;,&quot;focal_length&quot;:&quot;0&quot;,&quot;iso&quot;:&quot;0&quot;,&quot;shutter_speed&quot;:&quot;0&quot;,&quot;title&quot;:&quot;&quot;}\" data-image-title=\"Ambient-Art-22\" data-image-description=\"\" data-medium-file=\"https:\/\/aliens-project.de\/blog\/wp-content\/uploads\/2010\/11\/Ambient-Art-22-225x300.jpg\" data-large-file=\"https:\/\/aliens-project.de\/blog\/wp-content\/uploads\/2010\/11\/Ambient-Art-22.jpg\" src=\"https:\/\/i0.wp.com\/aliens-project.de\/blog\/wp-content\/uploads\/2010\/11\/Ambient-Art-22.jpg?w=311&#038;h=415&#038;ssl=1\" srcset=\"https:\/\/aliens-project.de\/blog\/wp-content\/uploads\/2010\/11\/Ambient-Art-22.jpg 744w, https:\/\/aliens-project.de\/blog\/wp-content\/uploads\/2010\/11\/Ambient-Art-22-225x300.jpg 225w\" width=\"311\" height=\"415\" loading=\"lazy\" data-original-width=\"311\" data-original-height=\"415\" itemprop=\"http:\/\/schema.org\/image\" title=\"Ambient-Art-22\" alt=\"Ambient-Art-22\" style=\"width: 311px; height: 415px;\" \/> <\/a> <\/div> <\/div> <!-- close group --> <div class=\"gallery-group images-3\" style=\"width: 185px; height: 419px;\" data-original-width=\"185\" data-original-height=\"419\" > <div class=\"tiled-gallery-item tiled-gallery-item-small\" itemprop=\"associatedMedia\" itemscope itemtype=\"http:\/\/schema.org\/ImageObject\"> <a href=\"https:\/\/aliens-project.de\/blog\/2010\/11\/08\/ambient-art-festival-innsbruck-erste-eindrucke\/ambient-art-23\/\" border=\"0\" itemprop=\"url\"> <meta itemprop=\"width\" content=\"181\"> <meta itemprop=\"height\" content=\"136\"> <img decoding=\"async\" class=\"\" data-attachment-id=\"10631\" data-orig-file=\"https:\/\/aliens-project.de\/blog\/wp-content\/uploads\/2010\/11\/Ambient-Art-23.jpg\" data-orig-size=\"992,744\" data-comments-opened=\"1\" data-image-meta=\"{&quot;aperture&quot;:&quot;0&quot;,&quot;credit&quot;:&quot;&quot;,&quot;camera&quot;:&quot;&quot;,&quot;caption&quot;:&quot;&quot;,&quot;created_timestamp&quot;:&quot;0&quot;,&quot;copyright&quot;:&quot;&quot;,&quot;focal_length&quot;:&quot;0&quot;,&quot;iso&quot;:&quot;0&quot;,&quot;shutter_speed&quot;:&quot;0&quot;,&quot;title&quot;:&quot;&quot;}\" data-image-title=\"Ambient-Art-23\" data-image-description=\"\" data-medium-file=\"https:\/\/aliens-project.de\/blog\/wp-content\/uploads\/2010\/11\/Ambient-Art-23-300x225.jpg\" data-large-file=\"https:\/\/aliens-project.de\/blog\/wp-content\/uploads\/2010\/11\/Ambient-Art-23.jpg\" src=\"https:\/\/i0.wp.com\/aliens-project.de\/blog\/wp-content\/uploads\/2010\/11\/Ambient-Art-23.jpg?w=181&#038;h=136&#038;ssl=1\" srcset=\"https:\/\/aliens-project.de\/blog\/wp-content\/uploads\/2010\/11\/Ambient-Art-23.jpg 992w, https:\/\/aliens-project.de\/blog\/wp-content\/uploads\/2010\/11\/Ambient-Art-23-300x225.jpg 300w\" width=\"181\" height=\"136\" loading=\"lazy\" data-original-width=\"181\" data-original-height=\"136\" itemprop=\"http:\/\/schema.org\/image\" title=\"Ambient-Art-23\" alt=\"Ambient-Art-23\" style=\"width: 181px; height: 136px;\" \/> <\/a> <\/div> <div class=\"tiled-gallery-item tiled-gallery-item-small\" itemprop=\"associatedMedia\" itemscope itemtype=\"http:\/\/schema.org\/ImageObject\"> <a href=\"https:\/\/aliens-project.de\/blog\/2010\/11\/08\/ambient-art-festival-innsbruck-erste-eindrucke\/ambient-art-24\/\" border=\"0\" itemprop=\"url\"> <meta itemprop=\"width\" content=\"181\"> <meta itemprop=\"height\" content=\"136\"> <img decoding=\"async\" class=\"\" data-attachment-id=\"10632\" data-orig-file=\"https:\/\/aliens-project.de\/blog\/wp-content\/uploads\/2010\/11\/Ambient-Art-24.jpg\" data-orig-size=\"992,744\" data-comments-opened=\"1\" data-image-meta=\"{&quot;aperture&quot;:&quot;0&quot;,&quot;credit&quot;:&quot;&quot;,&quot;camera&quot;:&quot;&quot;,&quot;caption&quot;:&quot;&quot;,&quot;created_timestamp&quot;:&quot;0&quot;,&quot;copyright&quot;:&quot;&quot;,&quot;focal_length&quot;:&quot;0&quot;,&quot;iso&quot;:&quot;0&quot;,&quot;shutter_speed&quot;:&quot;0&quot;,&quot;title&quot;:&quot;&quot;}\" data-image-title=\"Ambient-Art-24\" data-image-description=\"\" data-medium-file=\"https:\/\/aliens-project.de\/blog\/wp-content\/uploads\/2010\/11\/Ambient-Art-24-300x225.jpg\" data-large-file=\"https:\/\/aliens-project.de\/blog\/wp-content\/uploads\/2010\/11\/Ambient-Art-24.jpg\" src=\"https:\/\/i0.wp.com\/aliens-project.de\/blog\/wp-content\/uploads\/2010\/11\/Ambient-Art-24.jpg?w=181&#038;h=136&#038;ssl=1\" srcset=\"https:\/\/aliens-project.de\/blog\/wp-content\/uploads\/2010\/11\/Ambient-Art-24.jpg 992w, https:\/\/aliens-project.de\/blog\/wp-content\/uploads\/2010\/11\/Ambient-Art-24-300x225.jpg 300w\" width=\"181\" height=\"136\" loading=\"lazy\" data-original-width=\"181\" data-original-height=\"136\" itemprop=\"http:\/\/schema.org\/image\" title=\"Ambient-Art-24\" alt=\"Ambient-Art-24\" style=\"width: 181px; height: 136px;\" \/> <\/a> <\/div> <div class=\"tiled-gallery-item tiled-gallery-item-small\" itemprop=\"associatedMedia\" itemscope itemtype=\"http:\/\/schema.org\/ImageObject\"> <a href=\"https:\/\/aliens-project.de\/blog\/2010\/11\/08\/ambient-art-festival-innsbruck-erste-eindrucke\/ambient-art-25\/\" border=\"0\" itemprop=\"url\"> <meta itemprop=\"width\" content=\"181\"> <meta itemprop=\"height\" content=\"135\"> <img decoding=\"async\" class=\"\" data-attachment-id=\"10633\" data-orig-file=\"https:\/\/aliens-project.de\/blog\/wp-content\/uploads\/2010\/11\/Ambient-Art-25.jpg\" data-orig-size=\"992,744\" data-comments-opened=\"1\" data-image-meta=\"{&quot;aperture&quot;:&quot;0&quot;,&quot;credit&quot;:&quot;&quot;,&quot;camera&quot;:&quot;&quot;,&quot;caption&quot;:&quot;&quot;,&quot;created_timestamp&quot;:&quot;0&quot;,&quot;copyright&quot;:&quot;&quot;,&quot;focal_length&quot;:&quot;0&quot;,&quot;iso&quot;:&quot;0&quot;,&quot;shutter_speed&quot;:&quot;0&quot;,&quot;title&quot;:&quot;&quot;}\" data-image-title=\"Ambient-Art-25\" data-image-description=\"\" data-medium-file=\"https:\/\/aliens-project.de\/blog\/wp-content\/uploads\/2010\/11\/Ambient-Art-25-300x225.jpg\" data-large-file=\"https:\/\/aliens-project.de\/blog\/wp-content\/uploads\/2010\/11\/Ambient-Art-25.jpg\" src=\"https:\/\/i0.wp.com\/aliens-project.de\/blog\/wp-content\/uploads\/2010\/11\/Ambient-Art-25.jpg?w=181&#038;h=135&#038;ssl=1\" srcset=\"https:\/\/aliens-project.de\/blog\/wp-content\/uploads\/2010\/11\/Ambient-Art-25.jpg 992w, https:\/\/aliens-project.de\/blog\/wp-content\/uploads\/2010\/11\/Ambient-Art-25-300x225.jpg 300w\" width=\"181\" height=\"135\" loading=\"lazy\" data-original-width=\"181\" data-original-height=\"135\" itemprop=\"http:\/\/schema.org\/image\" title=\"Ambient-Art-25\" alt=\"Ambient-Art-25\" style=\"width: 181px; height: 135px;\" \/> <\/a> <\/div> <\/div> <!-- close group --> <\/div> <!-- close row --> <div class=\"gallery-row\" style=\"width: 500px; height: 240px;\" data-original-width=\"500\" data-original-height=\"240\" > <div class=\"gallery-group images-1\" style=\"width: 319px; height: 240px;\" data-original-width=\"319\" data-original-height=\"240\" > <div class=\"tiled-gallery-item tiled-gallery-item-large\" itemprop=\"associatedMedia\" itemscope itemtype=\"http:\/\/schema.org\/ImageObject\"> <a href=\"https:\/\/aliens-project.de\/blog\/2010\/11\/08\/ambient-art-festival-innsbruck-erste-eindrucke\/ambient-art-26\/\" border=\"0\" itemprop=\"url\"> <meta itemprop=\"width\" content=\"315\"> <meta itemprop=\"height\" content=\"236\"> <img decoding=\"async\" class=\"\" data-attachment-id=\"10634\" data-orig-file=\"https:\/\/aliens-project.de\/blog\/wp-content\/uploads\/2010\/11\/Ambient-Art-26.jpg\" data-orig-size=\"992,744\" data-comments-opened=\"1\" data-image-meta=\"{&quot;aperture&quot;:&quot;0&quot;,&quot;credit&quot;:&quot;&quot;,&quot;camera&quot;:&quot;&quot;,&quot;caption&quot;:&quot;&quot;,&quot;created_timestamp&quot;:&quot;0&quot;,&quot;copyright&quot;:&quot;&quot;,&quot;focal_length&quot;:&quot;0&quot;,&quot;iso&quot;:&quot;0&quot;,&quot;shutter_speed&quot;:&quot;0&quot;,&quot;title&quot;:&quot;&quot;}\" data-image-title=\"Ambient-Art-26\" data-image-description=\"\" data-medium-file=\"https:\/\/aliens-project.de\/blog\/wp-content\/uploads\/2010\/11\/Ambient-Art-26-300x225.jpg\" data-large-file=\"https:\/\/aliens-project.de\/blog\/wp-content\/uploads\/2010\/11\/Ambient-Art-26.jpg\" src=\"https:\/\/i0.wp.com\/aliens-project.de\/blog\/wp-content\/uploads\/2010\/11\/Ambient-Art-26.jpg?w=315&#038;h=236&#038;ssl=1\" srcset=\"https:\/\/aliens-project.de\/blog\/wp-content\/uploads\/2010\/11\/Ambient-Art-26.jpg 992w, https:\/\/aliens-project.de\/blog\/wp-content\/uploads\/2010\/11\/Ambient-Art-26-300x225.jpg 300w\" width=\"315\" height=\"236\" loading=\"lazy\" data-original-width=\"315\" data-original-height=\"236\" itemprop=\"http:\/\/schema.org\/image\" title=\"Ambient-Art-26\" alt=\"Ambient-Art-26\" style=\"width: 315px; height: 236px;\" \/> <\/a> <\/div> <\/div> <!-- close group --> <div class=\"gallery-group images-1\" style=\"width: 181px; height: 240px;\" data-original-width=\"181\" data-original-height=\"240\" > <div class=\"tiled-gallery-item tiled-gallery-item-small\" itemprop=\"associatedMedia\" itemscope itemtype=\"http:\/\/schema.org\/ImageObject\"> <a href=\"https:\/\/aliens-project.de\/blog\/2010\/11\/08\/ambient-art-festival-innsbruck-erste-eindrucke\/ambient-art-27\/\" border=\"0\" itemprop=\"url\"> <meta itemprop=\"width\" content=\"177\"> <meta itemprop=\"height\" content=\"236\"> <img decoding=\"async\" class=\"\" data-attachment-id=\"10635\" data-orig-file=\"https:\/\/aliens-project.de\/blog\/wp-content\/uploads\/2010\/11\/Ambient-Art-27.jpg\" data-orig-size=\"744,992\" data-comments-opened=\"1\" data-image-meta=\"{&quot;aperture&quot;:&quot;0&quot;,&quot;credit&quot;:&quot;&quot;,&quot;camera&quot;:&quot;&quot;,&quot;caption&quot;:&quot;&quot;,&quot;created_timestamp&quot;:&quot;0&quot;,&quot;copyright&quot;:&quot;&quot;,&quot;focal_length&quot;:&quot;0&quot;,&quot;iso&quot;:&quot;0&quot;,&quot;shutter_speed&quot;:&quot;0&quot;,&quot;title&quot;:&quot;&quot;}\" data-image-title=\"Ambient-Art-27\" data-image-description=\"\" data-medium-file=\"https:\/\/aliens-project.de\/blog\/wp-content\/uploads\/2010\/11\/Ambient-Art-27-225x300.jpg\" data-large-file=\"https:\/\/aliens-project.de\/blog\/wp-content\/uploads\/2010\/11\/Ambient-Art-27.jpg\" src=\"https:\/\/i0.wp.com\/aliens-project.de\/blog\/wp-content\/uploads\/2010\/11\/Ambient-Art-27.jpg?w=177&#038;h=236&#038;ssl=1\" srcset=\"https:\/\/aliens-project.de\/blog\/wp-content\/uploads\/2010\/11\/Ambient-Art-27.jpg 744w, https:\/\/aliens-project.de\/blog\/wp-content\/uploads\/2010\/11\/Ambient-Art-27-225x300.jpg 225w\" width=\"177\" height=\"236\" loading=\"lazy\" data-original-width=\"177\" data-original-height=\"236\" itemprop=\"http:\/\/schema.org\/image\" title=\"Ambient-Art-27\" alt=\"Ambient-Art-27\" style=\"width: 177px; height: 236px;\" \/> <\/a> <\/div> <\/div> <!-- close group --> <\/div> <!-- close row --> <div class=\"gallery-row\" style=\"width: 500px; height: 251px;\" data-original-width=\"500\" data-original-height=\"251\" > <div class=\"gallery-group images-1\" style=\"width: 334px; height: 251px;\" data-original-width=\"334\" data-original-height=\"251\" > <div class=\"tiled-gallery-item tiled-gallery-item-large\" itemprop=\"associatedMedia\" itemscope itemtype=\"http:\/\/schema.org\/ImageObject\"> <a href=\"https:\/\/aliens-project.de\/blog\/2010\/11\/08\/ambient-art-festival-innsbruck-erste-eindrucke\/ambient-art-28\/\" border=\"0\" itemprop=\"url\"> <meta itemprop=\"width\" content=\"330\"> <meta itemprop=\"height\" content=\"247\"> <img decoding=\"async\" class=\"\" data-attachment-id=\"10636\" data-orig-file=\"https:\/\/aliens-project.de\/blog\/wp-content\/uploads\/2010\/11\/Ambient-Art-28.jpg\" data-orig-size=\"992,744\" data-comments-opened=\"1\" data-image-meta=\"{&quot;aperture&quot;:&quot;0&quot;,&quot;credit&quot;:&quot;&quot;,&quot;camera&quot;:&quot;&quot;,&quot;caption&quot;:&quot;&quot;,&quot;created_timestamp&quot;:&quot;0&quot;,&quot;copyright&quot;:&quot;&quot;,&quot;focal_length&quot;:&quot;0&quot;,&quot;iso&quot;:&quot;0&quot;,&quot;shutter_speed&quot;:&quot;0&quot;,&quot;title&quot;:&quot;&quot;}\" data-image-title=\"Ambient-Art-28\" data-image-description=\"\" data-medium-file=\"https:\/\/aliens-project.de\/blog\/wp-content\/uploads\/2010\/11\/Ambient-Art-28-300x225.jpg\" data-large-file=\"https:\/\/aliens-project.de\/blog\/wp-content\/uploads\/2010\/11\/Ambient-Art-28.jpg\" src=\"https:\/\/i0.wp.com\/aliens-project.de\/blog\/wp-content\/uploads\/2010\/11\/Ambient-Art-28.jpg?w=330&#038;h=247&#038;ssl=1\" srcset=\"https:\/\/aliens-project.de\/blog\/wp-content\/uploads\/2010\/11\/Ambient-Art-28.jpg 992w, https:\/\/aliens-project.de\/blog\/wp-content\/uploads\/2010\/11\/Ambient-Art-28-300x225.jpg 300w\" width=\"330\" height=\"247\" loading=\"lazy\" data-original-width=\"330\" data-original-height=\"247\" itemprop=\"http:\/\/schema.org\/image\" title=\"Ambient-Art-28\" alt=\"Ambient-Art-28\" style=\"width: 330px; height: 247px;\" \/> <\/a> <\/div> <\/div> <!-- close group --> <div class=\"gallery-group images-2\" style=\"width: 166px; height: 251px;\" data-original-width=\"166\" data-original-height=\"251\" > <div class=\"tiled-gallery-item tiled-gallery-item-small\" itemprop=\"associatedMedia\" itemscope itemtype=\"http:\/\/schema.org\/ImageObject\"> <a href=\"https:\/\/aliens-project.de\/blog\/2010\/11\/08\/ambient-art-festival-innsbruck-erste-eindrucke\/ambient-art-29\/\" border=\"0\" itemprop=\"url\"> <meta itemprop=\"width\" content=\"162\"> <meta itemprop=\"height\" content=\"122\"> <img decoding=\"async\" class=\"\" data-attachment-id=\"10637\" data-orig-file=\"https:\/\/aliens-project.de\/blog\/wp-content\/uploads\/2010\/11\/Ambient-Art-29.jpg\" data-orig-size=\"992,744\" data-comments-opened=\"1\" data-image-meta=\"{&quot;aperture&quot;:&quot;0&quot;,&quot;credit&quot;:&quot;&quot;,&quot;camera&quot;:&quot;&quot;,&quot;caption&quot;:&quot;&quot;,&quot;created_timestamp&quot;:&quot;0&quot;,&quot;copyright&quot;:&quot;&quot;,&quot;focal_length&quot;:&quot;0&quot;,&quot;iso&quot;:&quot;0&quot;,&quot;shutter_speed&quot;:&quot;0&quot;,&quot;title&quot;:&quot;&quot;}\" data-image-title=\"Ambient-Art-29\" data-image-description=\"\" data-medium-file=\"https:\/\/aliens-project.de\/blog\/wp-content\/uploads\/2010\/11\/Ambient-Art-29-300x225.jpg\" data-large-file=\"https:\/\/aliens-project.de\/blog\/wp-content\/uploads\/2010\/11\/Ambient-Art-29.jpg\" src=\"https:\/\/i0.wp.com\/aliens-project.de\/blog\/wp-content\/uploads\/2010\/11\/Ambient-Art-29.jpg?w=162&#038;h=122&#038;ssl=1\" srcset=\"https:\/\/aliens-project.de\/blog\/wp-content\/uploads\/2010\/11\/Ambient-Art-29.jpg 992w, https:\/\/aliens-project.de\/blog\/wp-content\/uploads\/2010\/11\/Ambient-Art-29-300x225.jpg 300w\" width=\"162\" height=\"122\" loading=\"lazy\" data-original-width=\"162\" data-original-height=\"122\" itemprop=\"http:\/\/schema.org\/image\" title=\"Ambient-Art-29\" alt=\"Ambient-Art-29\" style=\"width: 162px; height: 122px;\" \/> <\/a> <\/div> <div class=\"tiled-gallery-item tiled-gallery-item-small\" itemprop=\"associatedMedia\" itemscope itemtype=\"http:\/\/schema.org\/ImageObject\"> <a href=\"https:\/\/aliens-project.de\/blog\/2010\/11\/08\/ambient-art-festival-innsbruck-erste-eindrucke\/ambient-art-30\/\" border=\"0\" itemprop=\"url\"> <meta itemprop=\"width\" content=\"162\"> <meta itemprop=\"height\" content=\"121\"> <img decoding=\"async\" class=\"\" data-attachment-id=\"10638\" data-orig-file=\"https:\/\/aliens-project.de\/blog\/wp-content\/uploads\/2010\/11\/Ambient-Art-30.jpg\" data-orig-size=\"992,744\" data-comments-opened=\"1\" data-image-meta=\"{&quot;aperture&quot;:&quot;0&quot;,&quot;credit&quot;:&quot;&quot;,&quot;camera&quot;:&quot;&quot;,&quot;caption&quot;:&quot;&quot;,&quot;created_timestamp&quot;:&quot;0&quot;,&quot;copyright&quot;:&quot;&quot;,&quot;focal_length&quot;:&quot;0&quot;,&quot;iso&quot;:&quot;0&quot;,&quot;shutter_speed&quot;:&quot;0&quot;,&quot;title&quot;:&quot;&quot;}\" data-image-title=\"Ambient-Art-30\" data-image-description=\"\" data-medium-file=\"https:\/\/aliens-project.de\/blog\/wp-content\/uploads\/2010\/11\/Ambient-Art-30-300x225.jpg\" data-large-file=\"https:\/\/aliens-project.de\/blog\/wp-content\/uploads\/2010\/11\/Ambient-Art-30.jpg\" src=\"https:\/\/i0.wp.com\/aliens-project.de\/blog\/wp-content\/uploads\/2010\/11\/Ambient-Art-30.jpg?w=162&#038;h=121&#038;ssl=1\" srcset=\"https:\/\/aliens-project.de\/blog\/wp-content\/uploads\/2010\/11\/Ambient-Art-30.jpg 992w, https:\/\/aliens-project.de\/blog\/wp-content\/uploads\/2010\/11\/Ambient-Art-30-300x225.jpg 300w\" width=\"162\" height=\"121\" loading=\"lazy\" data-original-width=\"162\" data-original-height=\"121\" itemprop=\"http:\/\/schema.org\/image\" title=\"Ambient-Art-30\" alt=\"Ambient-Art-30\" style=\"width: 162px; height: 121px;\" \/> <\/a> <\/div> <\/div> <!-- close group --> <\/div> <!-- close row --> <div class=\"gallery-row\" style=\"width: 500px; height: 240px;\" data-original-width=\"500\" data-original-height=\"240\" > <div class=\"gallery-group images-1\" style=\"width: 319px; height: 240px;\" data-original-width=\"319\" data-original-height=\"240\" > <div class=\"tiled-gallery-item tiled-gallery-item-large\" itemprop=\"associatedMedia\" itemscope itemtype=\"http:\/\/schema.org\/ImageObject\"> <a href=\"https:\/\/aliens-project.de\/blog\/2010\/11\/08\/ambient-art-festival-innsbruck-erste-eindrucke\/ambient-art-31\/\" border=\"0\" itemprop=\"url\"> <meta itemprop=\"width\" content=\"315\"> <meta itemprop=\"height\" content=\"236\"> <img decoding=\"async\" class=\"\" data-attachment-id=\"10639\" data-orig-file=\"https:\/\/aliens-project.de\/blog\/wp-content\/uploads\/2010\/11\/Ambient-Art-31.jpg\" data-orig-size=\"992,744\" data-comments-opened=\"1\" data-image-meta=\"{&quot;aperture&quot;:&quot;0&quot;,&quot;credit&quot;:&quot;&quot;,&quot;camera&quot;:&quot;&quot;,&quot;caption&quot;:&quot;&quot;,&quot;created_timestamp&quot;:&quot;0&quot;,&quot;copyright&quot;:&quot;&quot;,&quot;focal_length&quot;:&quot;0&quot;,&quot;iso&quot;:&quot;0&quot;,&quot;shutter_speed&quot;:&quot;0&quot;,&quot;title&quot;:&quot;&quot;}\" data-image-title=\"Ambient-Art-31\" data-image-description=\"\" data-medium-file=\"https:\/\/aliens-project.de\/blog\/wp-content\/uploads\/2010\/11\/Ambient-Art-31-300x225.jpg\" data-large-file=\"https:\/\/aliens-project.de\/blog\/wp-content\/uploads\/2010\/11\/Ambient-Art-31.jpg\" src=\"https:\/\/i0.wp.com\/aliens-project.de\/blog\/wp-content\/uploads\/2010\/11\/Ambient-Art-31.jpg?w=315&#038;h=236&#038;ssl=1\" srcset=\"https:\/\/aliens-project.de\/blog\/wp-content\/uploads\/2010\/11\/Ambient-Art-31.jpg 992w, https:\/\/aliens-project.de\/blog\/wp-content\/uploads\/2010\/11\/Ambient-Art-31-300x225.jpg 300w\" width=\"315\" height=\"236\" loading=\"lazy\" data-original-width=\"315\" data-original-height=\"236\" itemprop=\"http:\/\/schema.org\/image\" title=\"Ambient-Art-31\" alt=\"Ambient-Art-31\" style=\"width: 315px; height: 236px;\" \/> <\/a> <\/div> <\/div> <!-- close group --> <div class=\"gallery-group images-1\" style=\"width: 181px; height: 240px;\" data-original-width=\"181\" data-original-height=\"240\" > <div class=\"tiled-gallery-item tiled-gallery-item-small\" itemprop=\"associatedMedia\" itemscope itemtype=\"http:\/\/schema.org\/ImageObject\"> <a href=\"https:\/\/aliens-project.de\/blog\/2010\/11\/08\/ambient-art-festival-innsbruck-erste-eindrucke\/ambient-art-32\/\" border=\"0\" itemprop=\"url\"> <meta itemprop=\"width\" content=\"177\"> <meta itemprop=\"height\" content=\"236\"> <img decoding=\"async\" class=\"\" data-attachment-id=\"10640\" data-orig-file=\"https:\/\/aliens-project.de\/blog\/wp-content\/uploads\/2010\/11\/Ambient-Art-32.jpg\" data-orig-size=\"744,992\" data-comments-opened=\"1\" data-image-meta=\"{&quot;aperture&quot;:&quot;0&quot;,&quot;credit&quot;:&quot;&quot;,&quot;camera&quot;:&quot;&quot;,&quot;caption&quot;:&quot;&quot;,&quot;created_timestamp&quot;:&quot;0&quot;,&quot;copyright&quot;:&quot;&quot;,&quot;focal_length&quot;:&quot;0&quot;,&quot;iso&quot;:&quot;0&quot;,&quot;shutter_speed&quot;:&quot;0&quot;,&quot;title&quot;:&quot;&quot;}\" data-image-title=\"Ambient-Art-32\" data-image-description=\"\" data-medium-file=\"https:\/\/aliens-project.de\/blog\/wp-content\/uploads\/2010\/11\/Ambient-Art-32-225x300.jpg\" data-large-file=\"https:\/\/aliens-project.de\/blog\/wp-content\/uploads\/2010\/11\/Ambient-Art-32.jpg\" src=\"https:\/\/i0.wp.com\/aliens-project.de\/blog\/wp-content\/uploads\/2010\/11\/Ambient-Art-32.jpg?w=177&#038;h=236&#038;ssl=1\" srcset=\"https:\/\/aliens-project.de\/blog\/wp-content\/uploads\/2010\/11\/Ambient-Art-32.jpg 744w, https:\/\/aliens-project.de\/blog\/wp-content\/uploads\/2010\/11\/Ambient-Art-32-225x300.jpg 225w\" width=\"177\" height=\"236\" loading=\"lazy\" data-original-width=\"177\" data-original-height=\"236\" itemprop=\"http:\/\/schema.org\/image\" title=\"Ambient-Art-32\" alt=\"Ambient-Art-32\" style=\"width: 177px; height: 236px;\" \/> <\/a> <\/div> <\/div> <!-- close group --> <\/div> <!-- close row --> <div class=\"gallery-row\" style=\"width: 500px; height: 240px;\" data-original-width=\"500\" data-original-height=\"240\" > <div class=\"gallery-group images-1\" style=\"width: 181px; height: 240px;\" data-original-width=\"181\" data-original-height=\"240\" > <div class=\"tiled-gallery-item tiled-gallery-item-small\" itemprop=\"associatedMedia\" itemscope itemtype=\"http:\/\/schema.org\/ImageObject\"> <a href=\"https:\/\/aliens-project.de\/blog\/2010\/11\/08\/ambient-art-festival-innsbruck-erste-eindrucke\/ambient-art-33\/\" border=\"0\" itemprop=\"url\"> <meta itemprop=\"width\" content=\"177\"> <meta itemprop=\"height\" content=\"236\"> <img decoding=\"async\" class=\"\" data-attachment-id=\"10641\" data-orig-file=\"https:\/\/aliens-project.de\/blog\/wp-content\/uploads\/2010\/11\/Ambient-Art-33.jpg\" data-orig-size=\"744,992\" data-comments-opened=\"1\" data-image-meta=\"{&quot;aperture&quot;:&quot;0&quot;,&quot;credit&quot;:&quot;&quot;,&quot;camera&quot;:&quot;&quot;,&quot;caption&quot;:&quot;&quot;,&quot;created_timestamp&quot;:&quot;0&quot;,&quot;copyright&quot;:&quot;&quot;,&quot;focal_length&quot;:&quot;0&quot;,&quot;iso&quot;:&quot;0&quot;,&quot;shutter_speed&quot;:&quot;0&quot;,&quot;title&quot;:&quot;&quot;}\" data-image-title=\"Ambient-Art-33\" data-image-description=\"\" data-medium-file=\"https:\/\/aliens-project.de\/blog\/wp-content\/uploads\/2010\/11\/Ambient-Art-33-225x300.jpg\" data-large-file=\"https:\/\/aliens-project.de\/blog\/wp-content\/uploads\/2010\/11\/Ambient-Art-33.jpg\" src=\"https:\/\/i0.wp.com\/aliens-project.de\/blog\/wp-content\/uploads\/2010\/11\/Ambient-Art-33.jpg?w=177&#038;h=236&#038;ssl=1\" srcset=\"https:\/\/aliens-project.de\/blog\/wp-content\/uploads\/2010\/11\/Ambient-Art-33.jpg 744w, https:\/\/aliens-project.de\/blog\/wp-content\/uploads\/2010\/11\/Ambient-Art-33-225x300.jpg 225w\" width=\"177\" height=\"236\" loading=\"lazy\" data-original-width=\"177\" data-original-height=\"236\" itemprop=\"http:\/\/schema.org\/image\" title=\"Ambient-Art-33\" alt=\"Ambient-Art-33\" style=\"width: 177px; height: 236px;\" \/> <\/a> <\/div> <\/div> <!-- close group --> <div class=\"gallery-group images-1\" style=\"width: 319px; height: 240px;\" data-original-width=\"319\" data-original-height=\"240\" > <div class=\"tiled-gallery-item tiled-gallery-item-large\" itemprop=\"associatedMedia\" itemscope itemtype=\"http:\/\/schema.org\/ImageObject\"> <a href=\"https:\/\/aliens-project.de\/blog\/2010\/11\/08\/ambient-art-festival-innsbruck-erste-eindrucke\/ambient-art-34\/\" border=\"0\" itemprop=\"url\"> <meta itemprop=\"width\" content=\"315\"> <meta itemprop=\"height\" content=\"236\"> <img decoding=\"async\" class=\"\" data-attachment-id=\"10642\" data-orig-file=\"https:\/\/aliens-project.de\/blog\/wp-content\/uploads\/2010\/11\/Ambient-Art-34.jpg\" data-orig-size=\"992,744\" data-comments-opened=\"1\" data-image-meta=\"{&quot;aperture&quot;:&quot;0&quot;,&quot;credit&quot;:&quot;&quot;,&quot;camera&quot;:&quot;&quot;,&quot;caption&quot;:&quot;&quot;,&quot;created_timestamp&quot;:&quot;0&quot;,&quot;copyright&quot;:&quot;&quot;,&quot;focal_length&quot;:&quot;0&quot;,&quot;iso&quot;:&quot;0&quot;,&quot;shutter_speed&quot;:&quot;0&quot;,&quot;title&quot;:&quot;&quot;}\" data-image-title=\"Ambient-Art-34\" data-image-description=\"\" data-medium-file=\"https:\/\/aliens-project.de\/blog\/wp-content\/uploads\/2010\/11\/Ambient-Art-34-300x225.jpg\" data-large-file=\"https:\/\/aliens-project.de\/blog\/wp-content\/uploads\/2010\/11\/Ambient-Art-34.jpg\" src=\"https:\/\/i0.wp.com\/aliens-project.de\/blog\/wp-content\/uploads\/2010\/11\/Ambient-Art-34.jpg?w=315&#038;h=236&#038;ssl=1\" srcset=\"https:\/\/aliens-project.de\/blog\/wp-content\/uploads\/2010\/11\/Ambient-Art-34.jpg 992w, https:\/\/aliens-project.de\/blog\/wp-content\/uploads\/2010\/11\/Ambient-Art-34-300x225.jpg 300w\" width=\"315\" height=\"236\" loading=\"lazy\" data-original-width=\"315\" data-original-height=\"236\" itemprop=\"http:\/\/schema.org\/image\" title=\"Ambient-Art-34\" alt=\"Ambient-Art-34\" style=\"width: 315px; height: 236px;\" \/> <\/a> <\/div> <\/div> <!-- close group --> <\/div> <!-- close row --> <div class=\"gallery-row\" style=\"width: 500px; height: 376px;\" data-original-width=\"500\" data-original-height=\"376\" > <div class=\"gallery-group images-1\" style=\"width: 500px; height: 376px;\" data-original-width=\"500\" data-original-height=\"376\" > <div class=\"tiled-gallery-item tiled-gallery-item-large\" itemprop=\"associatedMedia\" itemscope itemtype=\"http:\/\/schema.org\/ImageObject\"> <a href=\"https:\/\/aliens-project.de\/blog\/2010\/11\/08\/ambient-art-festival-innsbruck-erste-eindrucke\/ambient-art-35\/\" border=\"0\" itemprop=\"url\"> <meta itemprop=\"width\" content=\"496\"> <meta itemprop=\"height\" content=\"372\"> <img decoding=\"async\" class=\"\" data-attachment-id=\"10643\" data-orig-file=\"https:\/\/aliens-project.de\/blog\/wp-content\/uploads\/2010\/11\/Ambient-Art-35.jpg\" data-orig-size=\"992,744\" data-comments-opened=\"1\" data-image-meta=\"{&quot;aperture&quot;:&quot;0&quot;,&quot;credit&quot;:&quot;&quot;,&quot;camera&quot;:&quot;&quot;,&quot;caption&quot;:&quot;&quot;,&quot;created_timestamp&quot;:&quot;0&quot;,&quot;copyright&quot;:&quot;&quot;,&quot;focal_length&quot;:&quot;0&quot;,&quot;iso&quot;:&quot;0&quot;,&quot;shutter_speed&quot;:&quot;0&quot;,&quot;title&quot;:&quot;&quot;}\" data-image-title=\"Ambient-Art-35\" data-image-description=\"\" data-medium-file=\"https:\/\/aliens-project.de\/blog\/wp-content\/uploads\/2010\/11\/Ambient-Art-35-300x225.jpg\" data-large-file=\"https:\/\/aliens-project.de\/blog\/wp-content\/uploads\/2010\/11\/Ambient-Art-35.jpg\" src=\"https:\/\/i0.wp.com\/aliens-project.de\/blog\/wp-content\/uploads\/2010\/11\/Ambient-Art-35.jpg?w=496&#038;h=372&#038;ssl=1\" srcset=\"https:\/\/aliens-project.de\/blog\/wp-content\/uploads\/2010\/11\/Ambient-Art-35.jpg 992w, https:\/\/aliens-project.de\/blog\/wp-content\/uploads\/2010\/11\/Ambient-Art-35-300x225.jpg 300w\" width=\"496\" height=\"372\" loading=\"lazy\" data-original-width=\"496\" data-original-height=\"372\" itemprop=\"http:\/\/schema.org\/image\" title=\"Ambient-Art-35\" alt=\"Ambient-Art-35\" style=\"width: 496px; height: 372px;\" \/> <\/a> <\/div> <\/div> <!-- close group --> <\/div> <!-- close row --> <\/div><\/p>\n<p><\/a><\/p>\n<div><a href=\"https:\/\/aliens-project.de\/blog\/wp-content\/uploads\/2010\/11\/EK-Lounge40.jpg\">\u00a0<\/a><\/div>\n<div><a href=\"https:\/\/aliens-project.de\/blog\/wp-content\/uploads\/2010\/11\/EK-Lounge40.jpg\">\u00a0<\/a><\/div>\n<p><a href=\"https:\/\/aliens-project.de\/blog\/wp-content\/uploads\/2010\/11\/EK-Lounge40.jpg\">\u00a0<\/p>\n<p><\/a><\/p>\n<\/div>\n","protected":false},"excerpt":{"rendered":"<p>Sonnenschein und strahlend blauer Himmel -so begann f\u00fcr mich das Ambient-Art Festival in Innsbruck. Die gesamte Organisation, die Location und das ganze Drumherum, war wirklich super, alles sehr stimmig. Es hat mir gro\u00dfen Spa\u00df gemacht, dort gemeinsam mit meinen Freunden, aus der EK-Lounge, zu musizieren. W\u00e4hrend des Events konnte ich leider nicht viele Bilder machen, [&hellip;]<\/p>\n","protected":false},"author":2,"featured_media":0,"comment_status":"open","ping_status":"open","sticky":false,"template":"","format":"standard","meta":{"jetpack_post_was_ever_published":false,"_jetpack_newsletter_access":"","_jetpack_dont_email_post_to_subs":false,"_jetpack_newsletter_tier_id":0,"_jetpack_memberships_contains_paywalled_content":false,"_jetpack_memberships_contains_paid_content":false,"footnotes":"","jetpack_publicize_message":"","jetpack_publicize_feature_enabled":true,"jetpack_social_post_already_shared":false,"jetpack_social_options":{"image_generator_settings":{"template":"highway","default_image_id":0,"font":"","enabled":false},"version":2}},"categories":[1,271,4],"tags":[263,740,741],"class_list":["post-10605","post","type-post","status-publish","format-standard","hentry","category-aliens-project","category-live-events","category-synthesizer","tag-aliens-project-live","tag-ambient-art-festival-innsbruck","tag-ek-lounge-40"],"jetpack_publicize_connections":[],"jetpack_featured_media_url":"","jetpack_shortlink":"https:\/\/wp.me\/p32c1I-2L3","jetpack_sharing_enabled":true,"jetpack_likes_enabled":true,"jetpack-related-posts":[],"_links":{"self":[{"href":"https:\/\/aliens-project.de\/blog\/wp-json\/wp\/v2\/posts\/10605","targetHints":{"allow":["GET"]}}],"collection":[{"href":"https:\/\/aliens-project.de\/blog\/wp-json\/wp\/v2\/posts"}],"about":[{"href":"https:\/\/aliens-project.de\/blog\/wp-json\/wp\/v2\/types\/post"}],"author":[{"embeddable":true,"href":"https:\/\/aliens-project.de\/blog\/wp-json\/wp\/v2\/users\/2"}],"replies":[{"embeddable":true,"href":"https:\/\/aliens-project.de\/blog\/wp-json\/wp\/v2\/comments?post=10605"}],"version-history":[{"count":8,"href":"https:\/\/aliens-project.de\/blog\/wp-json\/wp\/v2\/posts\/10605\/revisions"}],"predecessor-version":[{"id":10650,"href":"https:\/\/aliens-project.de\/blog\/wp-json\/wp\/v2\/posts\/10605\/revisions\/10650"}],"wp:attachment":[{"href":"https:\/\/aliens-project.de\/blog\/wp-json\/wp\/v2\/media?parent=10605"}],"wp:term":[{"taxonomy":"category","embeddable":true,"href":"https:\/\/aliens-project.de\/blog\/wp-json\/wp\/v2\/categories?post=10605"},{"taxonomy":"post_tag","embeddable":true,"href":"https:\/\/aliens-project.de\/blog\/wp-json\/wp\/v2\/tags?post=10605"}],"curies":[{"name":"wp","href":"https:\/\/api.w.org\/{rel}","templated":true}]}}